{"id":25060,"date":"2024-07-25T15:13:03","date_gmt":"2024-07-25T20:13:03","guid":{"rendered":"https:\/\/elmercuriomanta.ec\/?p=25060"},"modified":"2024-07-25T15:13:05","modified_gmt":"2024-07-25T20:13:05","slug":"no-vi-a-mi-hijo-ni-siquiera-su-cadaver-dice-ruthy-quijano-madre-de-agustin-intriago","status":"publish","type":"post","link":"https:\/\/elmercuriomanta.ec\/index.php\/2024\/07\/25\/no-vi-a-mi-hijo-ni-siquiera-su-cadaver-dice-ruthy-quijano-madre-de-agustin-intriago\/","title":{"rendered":"\u2018No vi a mi hijo, ni siquiera su cad\u00e1ver\u2019, dice Ruthy Quijano, madre de Agust\u00edn Intriago"},"content":{"rendered":"\n<figure class=\"wp-block-image aligncenter size-large is-resized\"><img fetchpriority=\"high\" decoding=\"async\" width=\"1024\" height=\"576\" src=\"https:\/\/elmercuriomanta.ec\/wp-content\/uploads\/2024\/07\/image-322-1024x576.png\" alt=\"\" class=\"wp-image-25061\" style=\"width:382px;height:auto\" srcset=\"https:\/\/elmercuriomanta.ec\/wp-content\/uploads\/2024\/07\/image-322-1024x576.png 1024w, https:\/\/elmercuriomanta.ec\/wp-content\/uploads\/2024\/07\/image-322-300x169.png 300w, https:\/\/elmercuriomanta.ec\/wp-content\/uploads\/2024\/07\/image-322-768x432.png 768w, https:\/\/elmercuriomanta.ec\/wp-content\/uploads\/2024\/07\/image-322.png 1191w\" sizes=\"(max-width: 1024px) 100vw, 1024px\" \/><\/figure>\n\n\n\n<p>Ruthy Quijano dice que ella nunca vio el cad\u00e1ver de su hijo, no tuvo las fuerzas para hacerlo. Ella estuvo medicada durante el sepelio, por ello no recuerda muchos detalles del d\u00eda en el que sepultaron al exalcalde de Manta, Agust\u00edn Intriago.&nbsp;<\/p>\n\n\n\n<p>Este martes, 23 de julio, se cumpli\u00f3 un a\u00f1o del asesinato de Intriago. Agust\u00edn Intriago fue asesinado el 23 de julio del 2023 mientras revisaba una obra en el barrio Nuevo R\u00edo Manta. Quijano comenta que ha sido un a\u00f1o duro para ella, un a\u00f1o de tribulaci\u00f3n y llanto.<\/p>\n\n\n\n<p>&nbsp;\u201cSolo Dios sabe c\u00f3mo he querido a mis hijos\u201d, se\u00f1ala de pie, en el cementerio, a lado de la tumba del exalcalde. Ruthy acudi\u00f3 la tarde de este martes junto a su familia para recordar a Intriago. En el cementerio se realiz\u00f3 una misa a la que acudieron algunos amigos y familiares.<\/p>\n","protected":false},"excerpt":{"rendered":"<p>Ruthy Quijano dice que ella nunca vio el cad\u00e1ver de su hijo, no tuvo las fuerzas para hacerlo. Ella estuvo medicada durante el sepelio, por ello no recuerda muchos detalles del d\u00eda en el que sepultaron al exalcalde de Manta, Agust\u00edn Intriago.\u00a0<\/p>\n","protected":false},"author":1,"featured_media":25061,"comment_status":"open","ping_status":"open","sticky":false,"template":"","format":"standard","meta":{"footnotes":""},"categories":[1],"tags":[91],"class_list":["post-25060","post","type-post","status-publish","format-standard","has-post-thumbnail","hentry","category-uncategorized","tag-cronica"],"_links":{"self":[{"href":"https:\/\/elmercuriomanta.ec\/index.php\/wp-json\/wp\/v2\/posts\/25060","targetHints":{"allow":["GET"]}}],"collection":[{"href":"https:\/\/elmercuriomanta.ec\/index.php\/wp-json\/wp\/v2\/posts"}],"about":[{"href":"https:\/\/elmercuriomanta.ec\/index.php\/wp-json\/wp\/v2\/types\/post"}],"author":[{"embeddable":true,"href":"https:\/\/elmercuriomanta.ec\/index.php\/wp-json\/wp\/v2\/users\/1"}],"replies":[{"embeddable":true,"href":"https:\/\/elmercuriomanta.ec\/index.php\/wp-json\/wp\/v2\/comments?post=25060"}],"version-history":[{"count":1,"href":"https:\/\/elmercuriomanta.ec\/index.php\/wp-json\/wp\/v2\/posts\/25060\/revisions"}],"predecessor-version":[{"id":25062,"href":"https:\/\/elmercuriomanta.ec\/index.php\/wp-json\/wp\/v2\/posts\/25060\/revisions\/25062"}],"wp:featuredmedia":[{"embeddable":true,"href":"https:\/\/elmercuriomanta.ec\/index.php\/wp-json\/wp\/v2\/media\/25061"}],"wp:attachment":[{"href":"https:\/\/elmercuriomanta.ec\/index.php\/wp-json\/wp\/v2\/media?parent=25060"}],"wp:term":[{"taxonomy":"category","embeddable":true,"href":"https:\/\/elmercuriomanta.ec\/index.php\/wp-json\/wp\/v2\/categories?post=25060"},{"taxonomy":"post_tag","embeddable":true,"href":"https:\/\/elmercuriomanta.ec\/index.php\/wp-json\/wp\/v2\/tags?post=25060"}],"curies":[{"name":"wp","href":"https:\/\/api.w.org\/{rel}","templated":true}]}}