{"id":24654,"date":"2024-07-18T11:34:53","date_gmt":"2024-07-18T16:34:53","guid":{"rendered":"https:\/\/elmercuriomanta.ec\/?p=24654"},"modified":"2024-07-18T11:34:55","modified_gmt":"2024-07-18T16:34:55","slug":"partidos-politicos-tendran-hasta-el-30-de-agosto-para-realizar-alianzas","status":"publish","type":"post","link":"https:\/\/elmercuriomanta.ec\/index.php\/2024\/07\/18\/partidos-politicos-tendran-hasta-el-30-de-agosto-para-realizar-alianzas\/","title":{"rendered":"Partidos Pol\u00edticos tendr\u00e1n hasta el 30 de agosto para realizar alianzas\u00a0"},"content":{"rendered":"\n<figure class=\"wp-block-image aligncenter size-large is-resized\"><img fetchpriority=\"high\" decoding=\"async\" width=\"1024\" height=\"576\" src=\"https:\/\/elmercuriomanta.ec\/wp-content\/uploads\/2024\/07\/image-231-1024x576.png\" alt=\"\" class=\"wp-image-24655\" style=\"width:331px;height:auto\" srcset=\"https:\/\/elmercuriomanta.ec\/wp-content\/uploads\/2024\/07\/image-231-1024x576.png 1024w, https:\/\/elmercuriomanta.ec\/wp-content\/uploads\/2024\/07\/image-231-300x169.png 300w, https:\/\/elmercuriomanta.ec\/wp-content\/uploads\/2024\/07\/image-231-768x432.png 768w, https:\/\/elmercuriomanta.ec\/wp-content\/uploads\/2024\/07\/image-231.png 1200w\" sizes=\"(max-width: 1024px) 100vw, 1024px\" \/><\/figure>\n\n\n\n<p>A partir del 20 de julio de 2024, los partidos pol\u00edticos podr\u00e1n solicitar al Consejo Nacional Electoral (CNE) iniciar con los procesos de democracia interna para la designaci\u00f3n de sus representantes a las dignidades que competir\u00e1n por la Presidencia de la Rep\u00fablica, Asamblea Nacional y Parlamento Andino.&nbsp;<\/p>\n\n\n\n<p>Pero, hasta el 30 de agosto, las tiendas pol\u00edticas tendr\u00edan la opci\u00f3n de establecer alianzas. Por lo que todav\u00eda hay espacio para la unidad de partidos. De hecho, en los distintos movimientos pol\u00edticos del pa\u00eds se desarrollan di\u00e1logos para avanzar en ambos caminos, los candidatos propios y la posibilidad de alianzas.&nbsp;<\/p>\n\n\n\n<p>Mientras algunos partidos tratan de transparentar este proceso, otros tratan de mantener esto a puerta cerrada. No obstante, este Diario ya ha se\u00f1alado que hab\u00eda un di\u00e1logo entre Construye, CREO y la Izquierda Democr\u00e1tica.<\/p>\n\n\n\n<p>&nbsp;Fuentes ligadas a los partidos aseguraron a LA HORA que, aunque se han dado pasos en el proceso de la conformaci\u00f3n de una \u201cunidad amplia\u201d, las mayores dificultades en las negociaciones no son los nombres del binomio presidencial, sino los espacios para la elaboraci\u00f3n de las listas a asamble\u00edstas y parlamentarios andinos. Otro punto que jugar\u00e1 un papel importante es que existen al menos nueve organizaciones pol\u00edticas que deber\u00e1n alcanzar el 4% de los sufragios para evitar ser eliminados del registro de partidos.&nbsp;<\/p>\n\n\n\n<p>Suma con propuesta propia para el 2025; Avanza analiza El presidente del Partido Sociedad Unida M\u00e1s Acci\u00f3n (SUMA), Guillermo Celi, indic\u00f3 que la organizaci\u00f3n ya desarrolla su propuesta.&nbsp;<\/p>\n\n\n\n<p>\u201cNuestro partido SUMA tiene su plan de gobierno, incorporado inclusive en el CNE y estamos fortaleciendo este trabajo, lo venimos haciendo con Pedro Jos\u00e9 Freile, lo venimos haciendo y escuchando a los ciudadanos\u201d, sentenci\u00f3.<\/p>\n\n\n\n<p>&nbsp;Los ejes fundamentales de su plan de gobierno ser\u00e1n el desempleo y la inseguridad. Dijo que, tras la migraci\u00f3n de m\u00e1s de 60.000 ecuatorianos, se requiere de un Gobierno que conozca la realidad del pa\u00eds. Acot\u00f3 que est\u00e1n satisfechos con el trabajo realizado junto a Freile. \u201cVamos a plantearle una propuesta muy seria, que nace de la gente, con respuestas a los problemas\u201d.<\/p>\n","protected":false},"excerpt":{"rendered":"<p>A partir del 20 de julio de 2024, los partidos pol\u00edticos podr\u00e1n solicitar al Consejo Nacional Electoral (CNE) iniciar con los procesos de democracia interna para la designaci\u00f3n de sus representantes a las dignidades que competir\u00e1n por la Presidencia de la Rep\u00fablica, Asamblea Nacional y Parlamento Andino.\u00a0<\/p>\n","protected":false},"author":1,"featured_media":24655,"comment_status":"open","ping_status":"open","sticky":false,"template":"","format":"standard","meta":{"footnotes":""},"categories":[20,83],"tags":[23],"class_list":["post-24654","post","type-post","status-publish","format-standard","has-post-thumbnail","hentry","category-portada-2","category-sucesos","tag-ecuador"],"_links":{"self":[{"href":"https:\/\/elmercuriomanta.ec\/index.php\/wp-json\/wp\/v2\/posts\/24654","targetHints":{"allow":["GET"]}}],"collection":[{"href":"https:\/\/elmercuriomanta.ec\/index.php\/wp-json\/wp\/v2\/posts"}],"about":[{"href":"https:\/\/elmercuriomanta.ec\/index.php\/wp-json\/wp\/v2\/types\/post"}],"author":[{"embeddable":true,"href":"https:\/\/elmercuriomanta.ec\/index.php\/wp-json\/wp\/v2\/users\/1"}],"replies":[{"embeddable":true,"href":"https:\/\/elmercuriomanta.ec\/index.php\/wp-json\/wp\/v2\/comments?post=24654"}],"version-history":[{"count":1,"href":"https:\/\/elmercuriomanta.ec\/index.php\/wp-json\/wp\/v2\/posts\/24654\/revisions"}],"predecessor-version":[{"id":24656,"href":"https:\/\/elmercuriomanta.ec\/index.php\/wp-json\/wp\/v2\/posts\/24654\/revisions\/24656"}],"wp:featuredmedia":[{"embeddable":true,"href":"https:\/\/elmercuriomanta.ec\/index.php\/wp-json\/wp\/v2\/media\/24655"}],"wp:attachment":[{"href":"https:\/\/elmercuriomanta.ec\/index.php\/wp-json\/wp\/v2\/media?parent=24654"}],"wp:term":[{"taxonomy":"category","embeddable":true,"href":"https:\/\/elmercuriomanta.ec\/index.php\/wp-json\/wp\/v2\/categories?post=24654"},{"taxonomy":"post_tag","embeddable":true,"href":"https:\/\/elmercuriomanta.ec\/index.php\/wp-json\/wp\/v2\/tags?post=24654"}],"curies":[{"name":"wp","href":"https:\/\/api.w.org\/{rel}","templated":true}]}}