{"id":24466,"date":"2024-07-15T10:56:46","date_gmt":"2024-07-15T15:56:46","guid":{"rendered":"https:\/\/elmercuriomanta.ec\/?p=24466"},"modified":"2024-07-15T10:56:48","modified_gmt":"2024-07-15T15:56:48","slug":"varios-muertos-tras-ataque-en-el-sur-de-alemania","status":"publish","type":"post","link":"https:\/\/elmercuriomanta.ec\/index.php\/2024\/07\/15\/varios-muertos-tras-ataque-en-el-sur-de-alemania\/","title":{"rendered":"Varios muertos tras ataque en el sur de Alemania"},"content":{"rendered":"\n<figure class=\"wp-block-image aligncenter size-large is-resized\"><img fetchpriority=\"high\" decoding=\"async\" width=\"1024\" height=\"692\" src=\"https:\/\/elmercuriomanta.ec\/wp-content\/uploads\/2024\/07\/image-199-1024x692.png\" alt=\"\" class=\"wp-image-24467\" style=\"width:292px;height:auto\" srcset=\"https:\/\/elmercuriomanta.ec\/wp-content\/uploads\/2024\/07\/image-199-1024x692.png 1024w, https:\/\/elmercuriomanta.ec\/wp-content\/uploads\/2024\/07\/image-199-300x203.png 300w, https:\/\/elmercuriomanta.ec\/wp-content\/uploads\/2024\/07\/image-199-768x519.png 768w, https:\/\/elmercuriomanta.ec\/wp-content\/uploads\/2024\/07\/image-199.png 1200w\" sizes=\"(max-width: 1024px) 100vw, 1024px\" \/><\/figure>\n\n\n\n<p>Varias personas murieron y otras resultaron heridas en un ataque registrado este domingo 14 de julio, en&nbsp; Albstadt, Baden-W\u00fcrttemberg, en Alemania.<\/p>\n\n\n\n<p>Seg\u00fan el peri\u00f3dico Bild, el atacante era un cazador que actu\u00f3 en un \u00abarrebato violento\u00bb durante una pelea familiar.<\/p>\n\n\n\n<p>La Polic\u00eda confirm\u00f3 la muerte de tres personas, adem\u00e1s del atacante, que se suicid\u00f3. Tambi\u00e9n se reportaron dos heridos.<\/p>\n\n\n\n<p>Las autoridades aseguraron que ya no hab\u00eda peligro para la poblaci\u00f3n. El suceso ocurri\u00f3 cerca de un parque acu\u00e1tico llamado &#8216;Badkap&#8217;.<\/p>\n\n\n\n<p>El peri\u00f3dico &#8216;S\u00fcdwest Presse&#8217; indic\u00f3 que la pelea familiar fue la causa del suceso, en la que el atacante mat\u00f3 a tres miembros de su familia antes de quitarse la vida.<\/p>\n\n\n\n<p>Actualmente, decenas de veh\u00edculos de emergencia y dos helic\u00f3pteros de rescate est\u00e1n en la zona.<\/p>\n\n\n\n<p>Un portavoz del Ministerio del Interior de Baden-W\u00fcrttemberg confirm\u00f3 que hay un operativo policial en marcha<\/p>\n","protected":false},"excerpt":{"rendered":"<p>Varias personas murieron y otras resultaron heridas en un ataque registrado este domingo 14 de julio, en\u00a0 Albstadt, Baden-W\u00fcrttemberg, en Alemania.<\/p>\n","protected":false},"author":1,"featured_media":24467,"comment_status":"open","ping_status":"open","sticky":false,"template":"","format":"standard","meta":{"footnotes":""},"categories":[8,1],"tags":[42],"class_list":["post-24466","post","type-post","status-publish","format-standard","has-post-thumbnail","hentry","category-internacional","category-uncategorized","tag-internacional"],"_links":{"self":[{"href":"https:\/\/elmercuriomanta.ec\/index.php\/wp-json\/wp\/v2\/posts\/24466","targetHints":{"allow":["GET"]}}],"collection":[{"href":"https:\/\/elmercuriomanta.ec\/index.php\/wp-json\/wp\/v2\/posts"}],"about":[{"href":"https:\/\/elmercuriomanta.ec\/index.php\/wp-json\/wp\/v2\/types\/post"}],"author":[{"embeddable":true,"href":"https:\/\/elmercuriomanta.ec\/index.php\/wp-json\/wp\/v2\/users\/1"}],"replies":[{"embeddable":true,"href":"https:\/\/elmercuriomanta.ec\/index.php\/wp-json\/wp\/v2\/comments?post=24466"}],"version-history":[{"count":1,"href":"https:\/\/elmercuriomanta.ec\/index.php\/wp-json\/wp\/v2\/posts\/24466\/revisions"}],"predecessor-version":[{"id":24468,"href":"https:\/\/elmercuriomanta.ec\/index.php\/wp-json\/wp\/v2\/posts\/24466\/revisions\/24468"}],"wp:featuredmedia":[{"embeddable":true,"href":"https:\/\/elmercuriomanta.ec\/index.php\/wp-json\/wp\/v2\/media\/24467"}],"wp:attachment":[{"href":"https:\/\/elmercuriomanta.ec\/index.php\/wp-json\/wp\/v2\/media?parent=24466"}],"wp:term":[{"taxonomy":"category","embeddable":true,"href":"https:\/\/elmercuriomanta.ec\/index.php\/wp-json\/wp\/v2\/categories?post=24466"},{"taxonomy":"post_tag","embeddable":true,"href":"https:\/\/elmercuriomanta.ec\/index.php\/wp-json\/wp\/v2\/tags?post=24466"}],"curies":[{"name":"wp","href":"https:\/\/api.w.org\/{rel}","templated":true}]}}