{"id":24262,"date":"2024-07-12T14:27:22","date_gmt":"2024-07-12T19:27:22","guid":{"rendered":"https:\/\/elmercuriomanta.ec\/?p=24262"},"modified":"2024-07-12T14:27:24","modified_gmt":"2024-07-12T19:27:24","slug":"no-tenemos-la-ayuda-de-esta-administracion-nos-han-dejado-en-total-abandono-moradora-del-barrio-30-de-agosto","status":"publish","type":"post","link":"https:\/\/elmercuriomanta.ec\/index.php\/2024\/07\/12\/no-tenemos-la-ayuda-de-esta-administracion-nos-han-dejado-en-total-abandono-moradora-del-barrio-30-de-agosto\/","title":{"rendered":"\u00abNo tenemos la ayuda de esta administraci\u00f3n, nos han dejado en total abandono\u00bb, moradora del barrio 30 de agosto"},"content":{"rendered":"\n<div class=\"wp-block-columns is-layout-flex wp-container-core-columns-is-layout-28f84493 wp-block-columns-is-layout-flex\">\n<div class=\"wp-block-column is-layout-flow wp-block-column-is-layout-flow\">\n<figure class=\"wp-block-image size-large is-resized\"><img fetchpriority=\"high\" decoding=\"async\" width=\"782\" height=\"1024\" src=\"https:\/\/elmercuriomanta.ec\/wp-content\/uploads\/2024\/07\/WhatsApp-Image-2024-07-12-at-14.24.17-782x1024.jpeg\" alt=\"\" class=\"wp-image-24291\" style=\"width:226px;height:auto\" srcset=\"https:\/\/elmercuriomanta.ec\/wp-content\/uploads\/2024\/07\/WhatsApp-Image-2024-07-12-at-14.24.17-782x1024.jpeg 782w, https:\/\/elmercuriomanta.ec\/wp-content\/uploads\/2024\/07\/WhatsApp-Image-2024-07-12-at-14.24.17-229x300.jpeg 229w, https:\/\/elmercuriomanta.ec\/wp-content\/uploads\/2024\/07\/WhatsApp-Image-2024-07-12-at-14.24.17-768x1006.jpeg 768w, https:\/\/elmercuriomanta.ec\/wp-content\/uploads\/2024\/07\/WhatsApp-Image-2024-07-12-at-14.24.17.jpeg 977w\" sizes=\"(max-width: 782px) 100vw, 782px\" \/><\/figure>\n<\/div>\n\n\n\n<div class=\"wp-block-column is-layout-flow wp-block-column-is-layout-flow\">\n<figure class=\"wp-block-image size-large is-resized\"><img decoding=\"async\" width=\"819\" height=\"1024\" src=\"https:\/\/elmercuriomanta.ec\/wp-content\/uploads\/2024\/07\/WhatsApp-Image-2024-07-12-at-14.23.53-819x1024.jpeg\" alt=\"\" class=\"wp-image-24292\" style=\"width:238px;height:auto\" srcset=\"https:\/\/elmercuriomanta.ec\/wp-content\/uploads\/2024\/07\/WhatsApp-Image-2024-07-12-at-14.23.53-819x1024.jpeg 819w, https:\/\/elmercuriomanta.ec\/wp-content\/uploads\/2024\/07\/WhatsApp-Image-2024-07-12-at-14.23.53-240x300.jpeg 240w, https:\/\/elmercuriomanta.ec\/wp-content\/uploads\/2024\/07\/WhatsApp-Image-2024-07-12-at-14.23.53-768x960.jpeg 768w, https:\/\/elmercuriomanta.ec\/wp-content\/uploads\/2024\/07\/WhatsApp-Image-2024-07-12-at-14.23.53.jpeg 1024w\" sizes=\"(max-width: 819px) 100vw, 819px\" \/><\/figure>\n<\/div>\n<\/div>\n\n\n\n<p>El barrio 30 de Agosto, con una poblaci\u00f3n de m\u00e1s de 4 mil habitantes y m\u00e1s de 20 a\u00f1os de historia, recibi\u00f3 su denominaci\u00f3n en el a\u00f1o 2016. .Los residentes del barrio enfrentan diversos desaf\u00edos relacionados con la infraestructura y servicios p\u00fablicos.<\/p>\n\n\n\n<figure class=\"wp-block-image aligncenter size-large is-resized\"><img decoding=\"async\" width=\"750\" height=\"1024\" src=\"https:\/\/elmercuriomanta.ec\/wp-content\/uploads\/2024\/07\/WhatsApp-Image-2024-07-12-at-14.23.44-750x1024.jpeg\" alt=\"\" class=\"wp-image-24293\" style=\"width:229px;height:auto\" srcset=\"https:\/\/elmercuriomanta.ec\/wp-content\/uploads\/2024\/07\/WhatsApp-Image-2024-07-12-at-14.23.44-750x1024.jpeg 750w, https:\/\/elmercuriomanta.ec\/wp-content\/uploads\/2024\/07\/WhatsApp-Image-2024-07-12-at-14.23.44-220x300.jpeg 220w, https:\/\/elmercuriomanta.ec\/wp-content\/uploads\/2024\/07\/WhatsApp-Image-2024-07-12-at-14.23.44-768x1049.jpeg 768w, https:\/\/elmercuriomanta.ec\/wp-content\/uploads\/2024\/07\/WhatsApp-Image-2024-07-12-at-14.23.44.jpeg 937w\" sizes=\"(max-width: 750px) 100vw, 750px\" \/><\/figure>\n\n\n\n<p>Nancy Mero, una de las habitantes del sector, manifest\u00f3 preocupaci\u00f3n por la falta de servicios b\u00e1sicos esenciales en el barrio. Se\u00f1al\u00f3 la ausencia de alumbrado p\u00fablico a pesar de que se paga el servicio en las facturas de luz, la carencia de alcantarillado, calles deterioradas, la sede comunitaria en mal estado y la inexistencia de \u00e1reas verdes. Seg\u00fan Mero, las solicitudes de mejoras han sido ignoradas y las respuestas de las autoridades han sido escasas, llegando incluso a ser enga\u00f1ados en proyectos de infraestructura que quedaron inconclusos.<\/p>\n\n\n\n<p>En este contexto, se pide a las autoridades municipales enfocarse en atender las necesidades de los barrios de la zona de expansi\u00f3n como el 30 de Agosto, donde ni\u00f1os y adultos mayores sufren las consecuencias de la falta de espacios seguros y servicios b\u00e1sicos adecuados.<\/p>\n\n\n\n<p>Denisse Moreira, otra vecina del barrio, enfatiz\u00f3 la grave situaci\u00f3n de los ni\u00f1os durante la temporada de lluvias, as\u00ed como la falta de espacios recreativos seguros. La cancha local se encuentra inutilizable debido al estado de abandono, convirti\u00e9ndose en un peligro potencial para la comunidad. Por otra parte, dice a las autoridades, que no le saquen de excusa que muri\u00f3 el Alcalde y que cumplan con lo prometido. Adem\u00e1s, a\u00f1adi\u00f3 \u00bb Hoy por hoy uno va al Municipio y le cierran la puerta en la cara\u00bb.<\/p>\n\n\n\n<p>Charito, reclama promesas incumplidas de escrituras de propiedad y mejoras en infraestructura b\u00e1sica. A pesar de las contribuciones econ\u00f3micas que realizan a trav\u00e9s de impuestos y servicios, se sienten abandonados y excluidos de los beneficios que les corresponden como ciudadanos.<\/p>\n\n\n\n<p>En resumen, el barrio 30 de Agosto enfrenta m\u00faltiples desaf\u00edos que van desde la falta de servicios esenciales hasta la inseguridad y la carencia de infraestructura b\u00e1sica. Las demandas de los residentes son claras: atenci\u00f3n urgente a sus necesidades y cumplimiento de las promesas realizadas por las autoridades locales, para garantizar una mejor calidad de vida para toda la comunidad.<\/p>\n","protected":false},"excerpt":{"rendered":"<p>El barrio 30 de Agosto, con una poblaci\u00f3n de m\u00e1s de 4 mil habitantes y m\u00e1s de 20 a\u00f1os de historia, recibi\u00f3 su denominaci\u00f3n en el a\u00f1o 2016. .Los residentes del barrio enfrentan diversos desaf\u00edos relacionados con la infraestructura y servicios p\u00fablicos.<\/p>\n","protected":false},"author":1,"featured_media":24293,"comment_status":"open","ping_status":"open","sticky":false,"template":"","format":"standard","meta":{"footnotes":""},"categories":[1],"tags":[87,86],"class_list":["post-24262","post","type-post","status-publish","format-standard","has-post-thumbnail","hentry","category-uncategorized","tag-el-mercurio-en-los-barrios","tag-en-tu-barrio"],"_links":{"self":[{"href":"https:\/\/elmercuriomanta.ec\/index.php\/wp-json\/wp\/v2\/posts\/24262","targetHints":{"allow":["GET"]}}],"collection":[{"href":"https:\/\/elmercuriomanta.ec\/index.php\/wp-json\/wp\/v2\/posts"}],"about":[{"href":"https:\/\/elmercuriomanta.ec\/index.php\/wp-json\/wp\/v2\/types\/post"}],"author":[{"embeddable":true,"href":"https:\/\/elmercuriomanta.ec\/index.php\/wp-json\/wp\/v2\/users\/1"}],"replies":[{"embeddable":true,"href":"https:\/\/elmercuriomanta.ec\/index.php\/wp-json\/wp\/v2\/comments?post=24262"}],"version-history":[{"count":3,"href":"https:\/\/elmercuriomanta.ec\/index.php\/wp-json\/wp\/v2\/posts\/24262\/revisions"}],"predecessor-version":[{"id":24294,"href":"https:\/\/elmercuriomanta.ec\/index.php\/wp-json\/wp\/v2\/posts\/24262\/revisions\/24294"}],"wp:featuredmedia":[{"embeddable":true,"href":"https:\/\/elmercuriomanta.ec\/index.php\/wp-json\/wp\/v2\/media\/24293"}],"wp:attachment":[{"href":"https:\/\/elmercuriomanta.ec\/index.php\/wp-json\/wp\/v2\/media?parent=24262"}],"wp:term":[{"taxonomy":"category","embeddable":true,"href":"https:\/\/elmercuriomanta.ec\/index.php\/wp-json\/wp\/v2\/categories?post=24262"},{"taxonomy":"post_tag","embeddable":true,"href":"https:\/\/elmercuriomanta.ec\/index.php\/wp-json\/wp\/v2\/tags?post=24262"}],"curies":[{"name":"wp","href":"https:\/\/api.w.org\/{rel}","templated":true}]}}