{"id":24025,"date":"2024-07-09T12:17:39","date_gmt":"2024-07-09T17:17:39","guid":{"rendered":"https:\/\/elmercuriomanta.ec\/?p=24025"},"modified":"2024-07-09T12:17:41","modified_gmt":"2024-07-09T17:17:41","slug":"abogados-ganan-nueva-accion-de-proteccion","status":"publish","type":"post","link":"https:\/\/elmercuriomanta.ec\/index.php\/2024\/07\/09\/abogados-ganan-nueva-accion-de-proteccion\/","title":{"rendered":"Abogados ganan nueva acci\u00f3n de protecci\u00f3n"},"content":{"rendered":"\n<figure class=\"wp-block-image aligncenter size-full is-resized\"><img fetchpriority=\"high\" decoding=\"async\" width=\"1018\" height=\"573\" src=\"https:\/\/elmercuriomanta.ec\/wp-content\/uploads\/2024\/07\/WhatsApp-Image-2024-07-09-at-12.15.05.jpeg\" alt=\"\" class=\"wp-image-24026\" style=\"width:244px;height:auto\" srcset=\"https:\/\/elmercuriomanta.ec\/wp-content\/uploads\/2024\/07\/WhatsApp-Image-2024-07-09-at-12.15.05.jpeg 1018w, https:\/\/elmercuriomanta.ec\/wp-content\/uploads\/2024\/07\/WhatsApp-Image-2024-07-09-at-12.15.05-300x169.jpeg 300w, https:\/\/elmercuriomanta.ec\/wp-content\/uploads\/2024\/07\/WhatsApp-Image-2024-07-09-at-12.15.05-768x432.jpeg 768w\" sizes=\"(max-width: 1018px) 100vw, 1018px\" \/><\/figure>\n\n\n\n<p>Una acci\u00f3n de Protecci\u00f3n interpuesta por G. M. Y., fue otorgada por el Juez Isa\u00edas Mendoza, la ma\u00f1ana de este 5 de Julio, en Manta, declarando la vulneraci\u00f3n de derechos constitucionales y por lo cual, la proponente podr\u00e1 salir del pa\u00eds, en una audiencia representada por un equipo de abogados, presidido por el doctor V\u00edctor Arias Aroca.<\/p>\n\n\n\n<p>&nbsp;El caso es muy interesante, pues, durante la audiencia, el propio organismo accionado, que es el Centro de Apoyo Migratorio, reconoci\u00f3 que no tiene orden judicial para mantener en el sistema la prohibici\u00f3n de salir del pa\u00eds, que solamente puede ser ordenada por un juez. De acuerdo con la informaci\u00f3n preliminar obtenida por los juristas Verdi Arrun\u00e1tegui y Neri CANO, se pudo constatar que el departamento de Migraci\u00f3n, guardaba un oficio de hace 12 a\u00f1os, conteniendo una prohibici\u00f3n de Salir del Pa\u00eds a una ciudadana (nombre protegido) que teniendo su visa y sus pasajes, no ha podido llegar a su destino.<\/p>\n\n\n\n<p>&nbsp;Sin embargo los abogados del Servicio de Control Migratorio, no pudieron presentar el mencionado oficio, con lo que se puso en contexto, que no hab\u00eda raz\u00f3n para prohibir la salida del pa\u00eds de ning\u00fan ciudadano, ya que la Constituci\u00f3n faculta la libertad de movilizaci\u00f3n.<\/p>\n\n\n\n<p>&nbsp;El d\u00eda 3 de mayo de 2024, la proponente de la acci\u00f3n de Protecci\u00f3n, se presenta en el aeropuerto, junto a su familia, siendo impedida de abordar a pesar de tener sus papeles en regla. Es entonces que G.M.Y, se entera que, en el sistema del Centro de Apoyo Migratorio, le han registrado una prohibici\u00f3n de salir del pa\u00eds, generada por un empleado p\u00fablico, no por un juez competente, ya que la Constituci\u00f3n dispone en el art\u00edculo 66 que, s\u00f3lo un juez puede dictar esta medida, sin embargo, el \u00f3rgano demandado no present\u00f3 el mencionado oficio.<\/p>\n\n\n\n<p>&nbsp;Hechas las averiguaciones y obtenidos los documentos, tanto del Tribunal Penal como de la Juez de Garant\u00edas Penitenciarias, se confirma que ninguna autoridad judicial de Manab\u00ed, ha dictado la medida. La acci\u00f3n de Protecci\u00f3n, se procesa para que Migraci\u00f3n borre ese registro, por ser ilegal e inconstitucional. La sentencia fue le\u00edda en forma verbal y se comunicar\u00e1 por correo electr\u00f3nico. La defensa t\u00e9cnica de la audiencia, correspondi\u00f3 al doctor V\u00edctor Arias Aroca.<\/p>\n","protected":false},"excerpt":{"rendered":"<p>Una acci\u00f3n de Protecci\u00f3n interpuesta por G. M. Y., fue otorgada por el Juez Isa\u00edas Mendoza, la ma\u00f1ana de este 5 de Julio, en Manta, declarando la vulneraci\u00f3n de derechos constitucionales y por lo cual, la proponente podr\u00e1 salir del pa\u00eds, en una audiencia representada por un equipo de abogados, presidido por el doctor V\u00edctor Arias Aroca.<\/p>\n","protected":false},"author":1,"featured_media":24026,"comment_status":"open","ping_status":"open","sticky":false,"template":"","format":"standard","meta":{"footnotes":""},"categories":[1],"tags":[22],"class_list":["post-24025","post","type-post","status-publish","format-standard","has-post-thumbnail","hentry","category-uncategorized","tag-politica"],"_links":{"self":[{"href":"https:\/\/elmercuriomanta.ec\/index.php\/wp-json\/wp\/v2\/posts\/24025","targetHints":{"allow":["GET"]}}],"collection":[{"href":"https:\/\/elmercuriomanta.ec\/index.php\/wp-json\/wp\/v2\/posts"}],"about":[{"href":"https:\/\/elmercuriomanta.ec\/index.php\/wp-json\/wp\/v2\/types\/post"}],"author":[{"embeddable":true,"href":"https:\/\/elmercuriomanta.ec\/index.php\/wp-json\/wp\/v2\/users\/1"}],"replies":[{"embeddable":true,"href":"https:\/\/elmercuriomanta.ec\/index.php\/wp-json\/wp\/v2\/comments?post=24025"}],"version-history":[{"count":1,"href":"https:\/\/elmercuriomanta.ec\/index.php\/wp-json\/wp\/v2\/posts\/24025\/revisions"}],"predecessor-version":[{"id":24027,"href":"https:\/\/elmercuriomanta.ec\/index.php\/wp-json\/wp\/v2\/posts\/24025\/revisions\/24027"}],"wp:featuredmedia":[{"embeddable":true,"href":"https:\/\/elmercuriomanta.ec\/index.php\/wp-json\/wp\/v2\/media\/24026"}],"wp:attachment":[{"href":"https:\/\/elmercuriomanta.ec\/index.php\/wp-json\/wp\/v2\/media?parent=24025"}],"wp:term":[{"taxonomy":"category","embeddable":true,"href":"https:\/\/elmercuriomanta.ec\/index.php\/wp-json\/wp\/v2\/categories?post=24025"},{"taxonomy":"post_tag","embeddable":true,"href":"https:\/\/elmercuriomanta.ec\/index.php\/wp-json\/wp\/v2\/tags?post=24025"}],"curies":[{"name":"wp","href":"https:\/\/api.w.org\/{rel}","templated":true}]}}