{"id":23754,"date":"2024-07-04T18:10:47","date_gmt":"2024-07-04T23:10:47","guid":{"rendered":"https:\/\/elmercuriomanta.ec\/?p=23754"},"modified":"2024-07-04T18:10:49","modified_gmt":"2024-07-04T23:10:49","slug":"la-manifestacion-en-quito-llega-hasta-la-plaza-de-santo-domingo","status":"publish","type":"post","link":"https:\/\/elmercuriomanta.ec\/index.php\/2024\/07\/04\/la-manifestacion-en-quito-llega-hasta-la-plaza-de-santo-domingo\/","title":{"rendered":"La manifestaci\u00f3n en Quito llega hasta la Plaza de Santo Domingo"},"content":{"rendered":"\n<figure class=\"wp-block-image aligncenter size-full is-resized\"><img fetchpriority=\"high\" decoding=\"async\" width=\"768\" height=\"512\" src=\"https:\/\/elmercuriomanta.ec\/wp-content\/uploads\/2024\/07\/image-55.png\" alt=\"\" class=\"wp-image-23755\" style=\"width:396px;height:auto\" srcset=\"https:\/\/elmercuriomanta.ec\/wp-content\/uploads\/2024\/07\/image-55.png 768w, https:\/\/elmercuriomanta.ec\/wp-content\/uploads\/2024\/07\/image-55-300x200.png 300w\" sizes=\"(max-width: 768px) 100vw, 768px\" \/><\/figure>\n\n\n\n<p>Este jueves se realiza una jornada de Marchas en Ecuador que fueron que han sido convocadas por el Frente Universitario de Trabajadores y la Uni\u00f3n Nacional de Educadores.<\/p>\n\n\n\n<p>Esta medida es tomada para mostrar el rechazo al incremento del precio de las gasolinas Extra y Ecopa\u00eds, tras la eliminaci\u00f3n de los susidios.<\/p>\n\n\n\n<p>Durante la ma\u00f1ana el ECU 911 no reportad\u00f3 cierres importantes de v\u00edas por manifestantes.<\/p>\n\n\n\n<p>En Quito la movilizaci\u00f3n comenz\u00f3 desde las 16:00, en la Caja del Seguro, llegaron hasta el Centro Hist\u00f3rico de Quito e intentaron ingresar a la Plaza Grande. Sin embargo, la Polic\u00eda los contuvo.<\/p>\n\n\n\n<h3 class=\"wp-block-heading\"><strong>Las v\u00edas cerradas en la capital son:<\/strong><\/h3>\n\n\n\n<ul class=\"wp-block-list\">\n<li>10 de\u00a0Agosto\u00a0y Bogot\u00e1<\/li>\n\n\n\n<li>6 de\u00a0Diciembre\u00a0y Tarqui<\/li>\n\n\n\n<li>12 de\u00a0Octubre\u00a0y Tarqui<\/li>\n\n\n\n<li>R\u00edo de Janeiro y Manuel Larrea<\/li>\n\n\n\n<li>Riofr\u00edo y Juan Salinas<\/li>\n\n\n\n<li>Luis Felipe Borja y Estrada<\/li>\n\n\n\n<li>Arenas y Manuel Larrea<\/li>\n\n\n\n<li>Vargas y\u00a0Matovelle<\/li>\n\n\n\n<li>Vargas y\u00a0Santa Prisca<\/li>\n\n\n\n<li>Vargas y\u00a0Oriente<\/li>\n\n\n\n<li>Vargas\u00a0y Manab\u00ed<\/li>\n<\/ul>\n\n\n\n<p>En Pichincha (Quito) y Sucumb\u00edos, la Polic\u00eda reprimi\u00f3\u00a0a marchantes. La UNE rechaz\u00f3\u00a0esta actitud y comportamiento de parte del Gobierno de Daniel Noboa.\u00a0<\/p>\n\n\n\n<p>En Chimborazo, comunidades ind\u00edgenas se movilizaron junto al Frente Unitario de Trabajadores, Frente Popular, FEUE y otras organizaciones sociales.<\/p>\n\n\n\n<p>En Napo se cerraron v\u00edas y hay quema de llantas. Mientras, en Los&nbsp;R\u00edos&nbsp;las organizaciones como la UNE, FUT, FEUE, el Frente Popular y otras, se movilizaron en contra del encarecimiento de la vida.&nbsp;<\/p>\n","protected":false},"excerpt":{"rendered":"<p>Este jueves se realiza una jornada de Marchas en Ecuador que fueron que han sido convocadas por el Frente Universitario de Trabajadores y la Uni\u00f3n Nacional de Educadores.<\/p>\n","protected":false},"author":1,"featured_media":23755,"comment_status":"open","ping_status":"open","sticky":false,"template":"","format":"standard","meta":{"footnotes":""},"categories":[20,83],"tags":[23],"class_list":["post-23754","post","type-post","status-publish","format-standard","has-post-thumbnail","hentry","category-portada-2","category-sucesos","tag-ecuador"],"_links":{"self":[{"href":"https:\/\/elmercuriomanta.ec\/index.php\/wp-json\/wp\/v2\/posts\/23754","targetHints":{"allow":["GET"]}}],"collection":[{"href":"https:\/\/elmercuriomanta.ec\/index.php\/wp-json\/wp\/v2\/posts"}],"about":[{"href":"https:\/\/elmercuriomanta.ec\/index.php\/wp-json\/wp\/v2\/types\/post"}],"author":[{"embeddable":true,"href":"https:\/\/elmercuriomanta.ec\/index.php\/wp-json\/wp\/v2\/users\/1"}],"replies":[{"embeddable":true,"href":"https:\/\/elmercuriomanta.ec\/index.php\/wp-json\/wp\/v2\/comments?post=23754"}],"version-history":[{"count":2,"href":"https:\/\/elmercuriomanta.ec\/index.php\/wp-json\/wp\/v2\/posts\/23754\/revisions"}],"predecessor-version":[{"id":23757,"href":"https:\/\/elmercuriomanta.ec\/index.php\/wp-json\/wp\/v2\/posts\/23754\/revisions\/23757"}],"wp:featuredmedia":[{"embeddable":true,"href":"https:\/\/elmercuriomanta.ec\/index.php\/wp-json\/wp\/v2\/media\/23755"}],"wp:attachment":[{"href":"https:\/\/elmercuriomanta.ec\/index.php\/wp-json\/wp\/v2\/media?parent=23754"}],"wp:term":[{"taxonomy":"category","embeddable":true,"href":"https:\/\/elmercuriomanta.ec\/index.php\/wp-json\/wp\/v2\/categories?post=23754"},{"taxonomy":"post_tag","embeddable":true,"href":"https:\/\/elmercuriomanta.ec\/index.php\/wp-json\/wp\/v2\/tags?post=23754"}],"curies":[{"name":"wp","href":"https:\/\/api.w.org\/{rel}","templated":true}]}}