{"id":23061,"date":"2024-06-25T09:40:20","date_gmt":"2024-06-25T14:40:20","guid":{"rendered":"https:\/\/elmercuriomanta.ec\/?p=23061"},"modified":"2024-06-25T09:55:55","modified_gmt":"2024-06-25T14:55:55","slug":"gobierno-revoca-la-visa-a-alondra-santiago","status":"publish","type":"post","link":"https:\/\/elmercuriomanta.ec\/index.php\/2024\/06\/25\/gobierno-revoca-la-visa-a-alondra-santiago\/","title":{"rendered":"Gobierno revoca la visa a Alondra Santiago"},"content":{"rendered":"\n<figure class=\"wp-block-image aligncenter size-large is-resized\"><img fetchpriority=\"high\" decoding=\"async\" width=\"1024\" height=\"574\" src=\"https:\/\/elmercuriomanta.ec\/wp-content\/uploads\/2024\/06\/image-358-1024x574.png\" alt=\"\" class=\"wp-image-23062\" style=\"width:418px;height:auto\" srcset=\"https:\/\/elmercuriomanta.ec\/wp-content\/uploads\/2024\/06\/image-358-1024x574.png 1024w, https:\/\/elmercuriomanta.ec\/wp-content\/uploads\/2024\/06\/image-358-300x168.png 300w, https:\/\/elmercuriomanta.ec\/wp-content\/uploads\/2024\/06\/image-358-768x430.png 768w, https:\/\/elmercuriomanta.ec\/wp-content\/uploads\/2024\/06\/image-358.png 1160w\" sizes=\"(max-width: 1024px) 100vw, 1024px\" \/><\/figure>\n\n\n\n<p>En sus redes sociales La periodista cubana Alondra Santiago denunci\u00f3 que le lleg\u00f3 notificaci\u00f3n de \u201crevocatoria de visa\u201d por parte de Canciller\u00eda\u00bb. Ella considera que se trata de un atentado a la libertad de prensa y expresi\u00f3n. Adem\u00e1s afirma que el gobierno quiere silenciarla a toda costa, pero ella no se quedar\u00e1 en silencio. <\/p>\n\n\n\n<p>El correo le lleg\u00f3 el 24 de junio y public\u00f3 las capturas de un correo electr\u00f3nico del Ministerio de Relaciones Exteriores y Movilidad Humana. Esta notificaci\u00f3n detalla que en cinco d\u00edas comenzar\u00eda el proceso de deportaci\u00f3n.<\/p>\n\n\n\n<figure class=\"wp-block-embed is-type-rich is-provider-twitter wp-block-embed-twitter\"><div class=\"wp-block-embed__wrapper\">\n<blockquote class=\"twitter-tweet\" data-width=\"550\" data-dnt=\"true\"><p lang=\"es\" dir=\"ltr\">Lo que antes fue una noticia falsa, hoy se hizo realidad. <br>Me lleg\u00f3 notificaci\u00f3n de \u201crevocatoria de visa\u201d por parte de Canciller\u00eda. <br><br>Esto es sin duda un atentado a la libertad de prensa\/expresi\u00f3n. Este gobierno quiere silenciarme a toda costa pero NO me quedar\u00e9 en silencio.<br>Esa\u2026 <a href=\"https:\/\/t.co\/R5BCYQorcA\">https:\/\/t.co\/R5BCYQorcA<\/a> <a href=\"https:\/\/t.co\/g84PmUhVzm\">pic.twitter.com\/g84PmUhVzm<\/a><\/p>&mdash; Alondra Santiago (@cubalondra) <a href=\"https:\/\/twitter.com\/cubalondra\/status\/1805556977646354536?ref_src=twsrc%5Etfw\">June 25, 2024<\/a><\/blockquote><script async src=\"https:\/\/platform.twitter.com\/widgets.js\" charset=\"utf-8\"><\/script>\n<\/div><\/figure>\n\n\n\n<p>Esta decisi\u00f3n surge luego de un pol\u00e9mico video que comparti\u00f3 en redes sociales, en el que inicia cantando una estrofa del himno nacional de Ecuador, seguido de r\u00edticas al Gobierno de Daniel Noboa.<\/p>\n\n\n\n<p><\/p>\n","protected":false},"excerpt":{"rendered":"<p>En sus redes sociales La periodista cubana Alondra Santiago denunci\u00f3 que le lleg\u00f3 notificaci\u00f3n de \u201crevocatoria de visa\u201d por parte de Canciller\u00eda\u00bb. Ella considera que se trata de un atentado a la libertad de prensa y expresi\u00f3n. Adem\u00e1s afirma que el gobierno quiere silenciarme a toda costa, pero ella no se quedar\u00e1 en silencio. <\/p>\n","protected":false},"author":1,"featured_media":23062,"comment_status":"open","ping_status":"open","sticky":false,"template":"","format":"standard","meta":{"footnotes":""},"categories":[20,83],"tags":[23],"class_list":["post-23061","post","type-post","status-publish","format-standard","has-post-thumbnail","hentry","category-portada-2","category-sucesos","tag-ecuador"],"_links":{"self":[{"href":"https:\/\/elmercuriomanta.ec\/index.php\/wp-json\/wp\/v2\/posts\/23061","targetHints":{"allow":["GET"]}}],"collection":[{"href":"https:\/\/elmercuriomanta.ec\/index.php\/wp-json\/wp\/v2\/posts"}],"about":[{"href":"https:\/\/elmercuriomanta.ec\/index.php\/wp-json\/wp\/v2\/types\/post"}],"author":[{"embeddable":true,"href":"https:\/\/elmercuriomanta.ec\/index.php\/wp-json\/wp\/v2\/users\/1"}],"replies":[{"embeddable":true,"href":"https:\/\/elmercuriomanta.ec\/index.php\/wp-json\/wp\/v2\/comments?post=23061"}],"version-history":[{"count":2,"href":"https:\/\/elmercuriomanta.ec\/index.php\/wp-json\/wp\/v2\/posts\/23061\/revisions"}],"predecessor-version":[{"id":23065,"href":"https:\/\/elmercuriomanta.ec\/index.php\/wp-json\/wp\/v2\/posts\/23061\/revisions\/23065"}],"wp:featuredmedia":[{"embeddable":true,"href":"https:\/\/elmercuriomanta.ec\/index.php\/wp-json\/wp\/v2\/media\/23062"}],"wp:attachment":[{"href":"https:\/\/elmercuriomanta.ec\/index.php\/wp-json\/wp\/v2\/media?parent=23061"}],"wp:term":[{"taxonomy":"category","embeddable":true,"href":"https:\/\/elmercuriomanta.ec\/index.php\/wp-json\/wp\/v2\/categories?post=23061"},{"taxonomy":"post_tag","embeddable":true,"href":"https:\/\/elmercuriomanta.ec\/index.php\/wp-json\/wp\/v2\/tags?post=23061"}],"curies":[{"name":"wp","href":"https:\/\/api.w.org\/{rel}","templated":true}]}}