{"id":22924,"date":"2024-06-21T17:33:22","date_gmt":"2024-06-21T22:33:22","guid":{"rendered":"https:\/\/elmercuriomanta.ec\/?p=22924"},"modified":"2024-06-21T17:55:25","modified_gmt":"2024-06-21T22:55:25","slug":"barrio-san-carlos-el-sector-que-no-quiere-quedar-al-olvido","status":"publish","type":"post","link":"https:\/\/elmercuriomanta.ec\/index.php\/2024\/06\/21\/barrio-san-carlos-el-sector-que-no-quiere-quedar-al-olvido\/","title":{"rendered":"Barrio San Carlos: el sector que no quiere quedar en el olvido"},"content":{"rendered":"\n<div class=\"wp-block-columns is-layout-flex wp-container-core-columns-is-layout-28f84493 wp-block-columns-is-layout-flex\">\n<div class=\"wp-block-column is-layout-flow wp-block-column-is-layout-flow\">\n<figure class=\"wp-block-image aligncenter size-large is-resized\"><img fetchpriority=\"high\" decoding=\"async\" width=\"639\" height=\"1024\" src=\"https:\/\/elmercuriomanta.ec\/wp-content\/uploads\/2024\/06\/WhatsApp-Image-2024-06-21-at-17.29.37-1-639x1024.jpeg\" alt=\"\" class=\"wp-image-22930\" style=\"width:124px;height:auto\" srcset=\"https:\/\/elmercuriomanta.ec\/wp-content\/uploads\/2024\/06\/WhatsApp-Image-2024-06-21-at-17.29.37-1-639x1024.jpeg 639w, https:\/\/elmercuriomanta.ec\/wp-content\/uploads\/2024\/06\/WhatsApp-Image-2024-06-21-at-17.29.37-1-187x300.jpeg 187w, https:\/\/elmercuriomanta.ec\/wp-content\/uploads\/2024\/06\/WhatsApp-Image-2024-06-21-at-17.29.37-1-768x1230.jpeg 768w, https:\/\/elmercuriomanta.ec\/wp-content\/uploads\/2024\/06\/WhatsApp-Image-2024-06-21-at-17.29.37-1.jpeg 799w\" sizes=\"(max-width: 639px) 100vw, 639px\" \/><\/figure>\n<\/div>\n\n\n\n<div class=\"wp-block-column is-layout-flow wp-block-column-is-layout-flow\">\n<figure class=\"wp-block-image size-large is-resized\"><img decoding=\"async\" width=\"662\" height=\"1024\" src=\"https:\/\/elmercuriomanta.ec\/wp-content\/uploads\/2024\/06\/WhatsApp-Image-2024-06-21-at-17.29.37-662x1024.jpeg\" alt=\"\" class=\"wp-image-22931\" style=\"width:152px;height:auto\" srcset=\"https:\/\/elmercuriomanta.ec\/wp-content\/uploads\/2024\/06\/WhatsApp-Image-2024-06-21-at-17.29.37-662x1024.jpeg 662w, https:\/\/elmercuriomanta.ec\/wp-content\/uploads\/2024\/06\/WhatsApp-Image-2024-06-21-at-17.29.37-194x300.jpeg 194w, https:\/\/elmercuriomanta.ec\/wp-content\/uploads\/2024\/06\/WhatsApp-Image-2024-06-21-at-17.29.37-768x1187.jpeg 768w, https:\/\/elmercuriomanta.ec\/wp-content\/uploads\/2024\/06\/WhatsApp-Image-2024-06-21-at-17.29.37.jpeg 828w\" sizes=\"(max-width: 662px) 100vw, 662px\" \/><\/figure>\n<\/div>\n<\/div>\n\n\n\n<p>En el Barrio San Carlos, los residentes est\u00e1n preocupados por la falta de servicios b\u00e1sicos y la falta de atenci\u00f3n por parte de las autoridades competentes. Una de las moradoras del barrio, ha expresado su inconformidad debido a que el recolector de basura no pasa por la zona donde vive, oblig\u00e1ndola a trasladarse hasta el punto de recolecci\u00f3n m\u00e1s cercano. Seg\u00fan ella, esta situaci\u00f3n se debe a que el Municipio evita adentrarse en ciertas \u00e1reas del barrio.<\/p>\n\n\n\n<p>Roselia Morales, otra moradora, ha destacado la falta de atenci\u00f3n en temas de limpieza de cauces y mantenimiento de infraestructuras p\u00fablicas como postes de luz. La seguridad vial tambi\u00e9n es motivo de preocupaci\u00f3n, ya que han ocurrido accidentes fatales en la v\u00eda r\u00e1pida del barrio San Carlos, solicitando la gesti\u00f3n de sem\u00e1foros y se\u00f1al\u00e9tica para prevenir futuros incidentes. Asimismo, se ha pedido gestionar un parque o cancha para el entretenimiento de los ni\u00f1os.<\/p>\n\n\n\n<p>La comunidad del Barrio San Carlos hace un llamado urgente a las autoridades locales y al gobierno central para atender estas demandas y mejorar las condiciones de vida en la zona. Se espera una pronta respuesta y acciones concretas para abordar estas problem\u00e1ticas y garantizar la seguridad y bienestar de todos los habitantes.<\/p>\n","protected":false},"excerpt":{"rendered":"<p>En el Barrio San Carlos, los residentes est\u00e1n preocupados por la falta de servicios b\u00e1sicos y la falta de atenci\u00f3n por parte de las autoridades competentes. Una de las moradoras del barrio, ha expresado su inconformidad debido a que el recolector de basura no pasa por la zona donde vive, oblig\u00e1ndola a trasladarse hasta el punto de recolecci\u00f3n m\u00e1s cercano.<\/p>\n","protected":false},"author":1,"featured_media":22931,"comment_status":"open","ping_status":"open","sticky":false,"template":"","format":"standard","meta":{"footnotes":""},"categories":[1],"tags":[87,86],"class_list":["post-22924","post","type-post","status-publish","format-standard","has-post-thumbnail","hentry","category-uncategorized","tag-el-mercurio-en-los-barrios","tag-en-tu-barrio"],"_links":{"self":[{"href":"https:\/\/elmercuriomanta.ec\/index.php\/wp-json\/wp\/v2\/posts\/22924","targetHints":{"allow":["GET"]}}],"collection":[{"href":"https:\/\/elmercuriomanta.ec\/index.php\/wp-json\/wp\/v2\/posts"}],"about":[{"href":"https:\/\/elmercuriomanta.ec\/index.php\/wp-json\/wp\/v2\/types\/post"}],"author":[{"embeddable":true,"href":"https:\/\/elmercuriomanta.ec\/index.php\/wp-json\/wp\/v2\/users\/1"}],"replies":[{"embeddable":true,"href":"https:\/\/elmercuriomanta.ec\/index.php\/wp-json\/wp\/v2\/comments?post=22924"}],"version-history":[{"count":2,"href":"https:\/\/elmercuriomanta.ec\/index.php\/wp-json\/wp\/v2\/posts\/22924\/revisions"}],"predecessor-version":[{"id":22935,"href":"https:\/\/elmercuriomanta.ec\/index.php\/wp-json\/wp\/v2\/posts\/22924\/revisions\/22935"}],"wp:featuredmedia":[{"embeddable":true,"href":"https:\/\/elmercuriomanta.ec\/index.php\/wp-json\/wp\/v2\/media\/22931"}],"wp:attachment":[{"href":"https:\/\/elmercuriomanta.ec\/index.php\/wp-json\/wp\/v2\/media?parent=22924"}],"wp:term":[{"taxonomy":"category","embeddable":true,"href":"https:\/\/elmercuriomanta.ec\/index.php\/wp-json\/wp\/v2\/categories?post=22924"},{"taxonomy":"post_tag","embeddable":true,"href":"https:\/\/elmercuriomanta.ec\/index.php\/wp-json\/wp\/v2\/tags?post=22924"}],"curies":[{"name":"wp","href":"https:\/\/api.w.org\/{rel}","templated":true}]}}