{"id":22912,"date":"2024-06-21T11:53:04","date_gmt":"2024-06-21T16:53:04","guid":{"rendered":"https:\/\/elmercuriomanta.ec\/?p=22912"},"modified":"2024-06-21T11:53:06","modified_gmt":"2024-06-21T16:53:06","slug":"maestros-levantan-huelga-despues-de-hundirse-la-reforma-a-la-educacion","status":"publish","type":"post","link":"https:\/\/elmercuriomanta.ec\/index.php\/2024\/06\/21\/maestros-levantan-huelga-despues-de-hundirse-la-reforma-a-la-educacion\/","title":{"rendered":"Maestros levantan huelga despu\u00e9s de hundirse la reforma a la educaci\u00f3n"},"content":{"rendered":"\n<figure class=\"wp-block-image aligncenter size-full is-resized\"><img fetchpriority=\"high\" decoding=\"async\" width=\"988\" height=\"743\" src=\"https:\/\/elmercuriomanta.ec\/wp-content\/uploads\/2024\/06\/image-320.png\" alt=\"\" class=\"wp-image-22913\" style=\"width:222px;height:auto\" srcset=\"https:\/\/elmercuriomanta.ec\/wp-content\/uploads\/2024\/06\/image-320.png 988w, https:\/\/elmercuriomanta.ec\/wp-content\/uploads\/2024\/06\/image-320-300x226.png 300w, https:\/\/elmercuriomanta.ec\/wp-content\/uploads\/2024\/06\/image-320-768x578.png 768w\" sizes=\"(max-width: 988px) 100vw, 988px\" \/><\/figure>\n\n\n\n<p>El principal sindicato de maestros de Colombia, Fecode, anunci\u00f3 este jueves 20 de junio de 2024 que levanta el paro, tras una semana de huelga, al conocer que la tramitaci\u00f3n de la reforma a la educaci\u00f3n a la que se opon\u00edan se hundi\u00f3 en el Congreso.&nbsp;<\/p>\n\n\n\n<p>As\u00ed lo anunci\u00f3 a todos los maestros que protestaban en la Plaza Bol\u00edvar desde una tarima frente al Congreso el presidente de la Federaci\u00f3n Colombiana de Educadores (Fecode), Domingo Ayala, quien reclam\u00f3: \u201cNada de educaci\u00f3n mixta, nada de educaci\u00f3n h\u00edbrida, nada de educaci\u00f3n terciaria porque ese es el prop\u00f3sito de la privatizaci\u00f3n de la educaci\u00f3n\u201d. Fecode llam\u00f3 el jueves pasado a sus 300.000 maestros afiliados a movilizaciones contra el proyecto de Ley Estatutaria de la Educaci\u00f3n y convoc\u00f3 una huelga que afecta a m\u00e1s de cinco millones de estudiantes de primaria y secundaria.<\/p>\n","protected":false},"excerpt":{"rendered":"<p>El principal sindicato de maestros de Colombia, Fecode, anunci\u00f3 este jueves 20 de junio de 2024 que levanta el paro, tras una semana de huelga, al conocer que la tramitaci\u00f3n de la reforma a la educaci\u00f3n a la que se opon\u00edan se hundi\u00f3 en el Congreso<\/p>\n","protected":false},"author":1,"featured_media":22913,"comment_status":"open","ping_status":"open","sticky":false,"template":"","format":"standard","meta":{"footnotes":""},"categories":[8],"tags":[42],"class_list":["post-22912","post","type-post","status-publish","format-standard","has-post-thumbnail","hentry","category-internacional","tag-internacional"],"_links":{"self":[{"href":"https:\/\/elmercuriomanta.ec\/index.php\/wp-json\/wp\/v2\/posts\/22912","targetHints":{"allow":["GET"]}}],"collection":[{"href":"https:\/\/elmercuriomanta.ec\/index.php\/wp-json\/wp\/v2\/posts"}],"about":[{"href":"https:\/\/elmercuriomanta.ec\/index.php\/wp-json\/wp\/v2\/types\/post"}],"author":[{"embeddable":true,"href":"https:\/\/elmercuriomanta.ec\/index.php\/wp-json\/wp\/v2\/users\/1"}],"replies":[{"embeddable":true,"href":"https:\/\/elmercuriomanta.ec\/index.php\/wp-json\/wp\/v2\/comments?post=22912"}],"version-history":[{"count":1,"href":"https:\/\/elmercuriomanta.ec\/index.php\/wp-json\/wp\/v2\/posts\/22912\/revisions"}],"predecessor-version":[{"id":22914,"href":"https:\/\/elmercuriomanta.ec\/index.php\/wp-json\/wp\/v2\/posts\/22912\/revisions\/22914"}],"wp:featuredmedia":[{"embeddable":true,"href":"https:\/\/elmercuriomanta.ec\/index.php\/wp-json\/wp\/v2\/media\/22913"}],"wp:attachment":[{"href":"https:\/\/elmercuriomanta.ec\/index.php\/wp-json\/wp\/v2\/media?parent=22912"}],"wp:term":[{"taxonomy":"category","embeddable":true,"href":"https:\/\/elmercuriomanta.ec\/index.php\/wp-json\/wp\/v2\/categories?post=22912"},{"taxonomy":"post_tag","embeddable":true,"href":"https:\/\/elmercuriomanta.ec\/index.php\/wp-json\/wp\/v2\/tags?post=22912"}],"curies":[{"name":"wp","href":"https:\/\/api.w.org\/{rel}","templated":true}]}}