{"id":2215,"date":"2023-07-06T13:00:12","date_gmt":"2023-07-06T13:00:12","guid":{"rendered":"https:\/\/elmercuriomanta.ec\/?p=2215"},"modified":"2023-07-06T13:13:35","modified_gmt":"2023-07-06T13:13:35","slug":"padron-electoral-no-depurado","status":"publish","type":"post","link":"https:\/\/elmercuriomanta.ec\/index.php\/2023\/07\/06\/padron-electoral-no-depurado\/","title":{"rendered":"PADR\u00d3N ELECTORAL NO DEPURADO"},"content":{"rendered":"\t\t<div data-elementor-type=\"wp-post\" data-elementor-id=\"2215\" class=\"elementor elementor-2215\" data-elementor-post-type=\"post\">\n\t\t\t\t<div data-particle_enable=\"false\" data-particle-mobile-disabled=\"false\" class=\"elementor-element elementor-element-2f2bdee e-flex e-con-boxed e-con e-parent\" data-id=\"2f2bdee\" data-element_type=\"container\" data-e-type=\"container\">\n\t\t\t\t\t<div class=\"e-con-inner\">\n\t\t\t\t<div class=\"elementor-element elementor-element-575e58c elementor-widget elementor-widget-heading\" data-id=\"575e58c\" data-element_type=\"widget\" data-e-type=\"widget\" data-widget_type=\"heading.default\">\n\t\t\t\t<div class=\"elementor-widget-container\">\n\t\t\t\t\t<h1 class=\"elementor-heading-title elementor-size-default\">PADR\u00d3N ELECTORAL NO DEPURADO<\/h1>\t\t\t\t<\/div>\n\t\t\t\t<\/div>\n\t\t\t\t<div class=\"elementor-element elementor-element-ff14311 elementor-widget elementor-widget-text-editor\" data-id=\"ff14311\" data-element_type=\"widget\" data-e-type=\"widget\" data-widget_type=\"text-editor.default\">\n\t\t\t\t<div class=\"elementor-widget-container\">\n\t\t\t\t\t\t\t\t\t<p>En una situaci\u00f3n at\u00edpica relacionada con el proceso electoral para agosto del 2023, algunos procedimientos deben ajustarse en funci\u00f3n del tiempo para organizarlo. Si las calificaron como elecciones expr\u00e9s, deben apurar algunos pasos con respecto a otros procesos oficiales, siendo el padr\u00f3n electoral uno de los aspectos fundamentales porque contienen a todos los potenciales electores habilitados.<\/p><p>Sin tiempo para depurarlo, puesto que se usar\u00e1 el mismo v\u00e1lido en las elecciones seccionales del 5 de febrero de 2023, quedan como consecuencia, electores fallecidos durante este tiempo, incluidos. Y j\u00f3venes, que tambi\u00e9n en este lapso completaron la edad suficiente como para acceder con su voto, excluidos.<\/p><p>Son simples valoraciones a controlar por parte de las autoridades encargadas, porque nunca faltan los agoreros del m\u00ednimo error, para magnificar un fraude, aduciendo que votaron los m\u00e1s de 71 mil fallecidos empadronados, m\u00e1xime si corresponden a los ajusticiados en los espacios p\u00fablicos mediante el sicariato.<\/p><p>Como el padr\u00f3n electoral anterior, no tuvo cuestionamientos en su conformaci\u00f3n e integraci\u00f3n, aparentemente, con estas dos salvedades, puede decirse que se encuentra listo para recibir a los votantes con sus voluntades dispuestas. Actualizarlo, ser\u00e1 motivo de otra contienda, por ahora es importante poblarlo del mayor n\u00famero de firmas, avalando la participaci\u00f3n y decisi\u00f3n dispuesta a quienes habremos de encargar nuestro futuro por los dieciocho meses siguientes. Los muertos, ya est\u00e1n identificados, con un espacio gris, sobre el que no se podr\u00e1 firmar.<\/p>\t\t\t\t\t\t\t\t<\/div>\n\t\t\t\t<\/div>\n\t\t\t\t\t<\/div>\n\t\t\t\t<\/div>\n\t\t\t\t<\/div>\n\t\t","protected":false},"excerpt":{"rendered":"<p>Como el padr\u00f3n electoral anterior, no tuvo cuestionamientos en su conformaci\u00f3n e integraci\u00f3n, aparentemente, con estas dos salvedades, puede decirse que se encuentra listo para recibir a los votantes con sus voluntades dispuestas. <\/p>\n","protected":false},"author":1,"featured_media":2216,"comment_status":"closed","ping_status":"open","sticky":false,"template":"","format":"standard","meta":{"footnotes":""},"categories":[78],"tags":[],"class_list":["post-2215","post","type-post","status-publish","format-standard","has-post-thumbnail","hentry","category-editorial"],"_links":{"self":[{"href":"https:\/\/elmercuriomanta.ec\/index.php\/wp-json\/wp\/v2\/posts\/2215","targetHints":{"allow":["GET"]}}],"collection":[{"href":"https:\/\/elmercuriomanta.ec\/index.php\/wp-json\/wp\/v2\/posts"}],"about":[{"href":"https:\/\/elmercuriomanta.ec\/index.php\/wp-json\/wp\/v2\/types\/post"}],"author":[{"embeddable":true,"href":"https:\/\/elmercuriomanta.ec\/index.php\/wp-json\/wp\/v2\/users\/1"}],"replies":[{"embeddable":true,"href":"https:\/\/elmercuriomanta.ec\/index.php\/wp-json\/wp\/v2\/comments?post=2215"}],"version-history":[{"count":0,"href":"https:\/\/elmercuriomanta.ec\/index.php\/wp-json\/wp\/v2\/posts\/2215\/revisions"}],"wp:featuredmedia":[{"embeddable":true,"href":"https:\/\/elmercuriomanta.ec\/index.php\/wp-json\/wp\/v2\/media\/2216"}],"wp:attachment":[{"href":"https:\/\/elmercuriomanta.ec\/index.php\/wp-json\/wp\/v2\/media?parent=2215"}],"wp:term":[{"taxonomy":"category","embeddable":true,"href":"https:\/\/elmercuriomanta.ec\/index.php\/wp-json\/wp\/v2\/categories?post=2215"},{"taxonomy":"post_tag","embeddable":true,"href":"https:\/\/elmercuriomanta.ec\/index.php\/wp-json\/wp\/v2\/tags?post=2215"}],"curies":[{"name":"wp","href":"https:\/\/api.w.org\/{rel}","templated":true}]}}