{"id":21973,"date":"2024-06-10T10:52:12","date_gmt":"2024-06-10T15:52:12","guid":{"rendered":"https:\/\/elmercuriomanta.ec\/?p=21973"},"modified":"2024-06-10T10:53:09","modified_gmt":"2024-06-10T15:53:09","slug":"fiscalia-vinculara-a-la-vicepresidenta-veronica-abad-al-caso-nene","status":"publish","type":"post","link":"https:\/\/elmercuriomanta.ec\/index.php\/2024\/06\/10\/fiscalia-vinculara-a-la-vicepresidenta-veronica-abad-al-caso-nene\/","title":{"rendered":"Fiscal\u00eda vincular\u00e1 a la vicepresidenta Ver\u00f3nica Abad al Caso Nene"},"content":{"rendered":"\n<figure class=\"wp-block-image aligncenter size-large is-resized\"><img fetchpriority=\"high\" decoding=\"async\" width=\"1024\" height=\"574\" src=\"https:\/\/elmercuriomanta.ec\/wp-content\/uploads\/2024\/06\/image-132-1024x574.png\" alt=\"\" class=\"wp-image-21976\" style=\"width:326px;height:auto\" srcset=\"https:\/\/elmercuriomanta.ec\/wp-content\/uploads\/2024\/06\/image-132-1024x574.png 1024w, https:\/\/elmercuriomanta.ec\/wp-content\/uploads\/2024\/06\/image-132-300x168.png 300w, https:\/\/elmercuriomanta.ec\/wp-content\/uploads\/2024\/06\/image-132-768x430.png 768w, https:\/\/elmercuriomanta.ec\/wp-content\/uploads\/2024\/06\/image-132.png 1160w\" sizes=\"(max-width: 1024px) 100vw, 1024px\" \/><\/figure>\n\n\n\n<p>Este lunes La Fiscal\u00eda anunci\u00f3 que vincular\u00e1 a la Vicepresidenta Ver\u00f3nica Abad en el proceso del Caso Nene. Adem\u00e1s, comunic\u00f3 la decisi\u00f3n de trasladar el proceso a la Unidad de Fuero de Corte Nacional de Justicia (CNJ).<\/p>\n\n\n\n<p>Tambi\u00e9n se ordeno la ampliaci\u00f3n de la versi\u00f3n del denunciante, quien alega que fue contratado por disposici\u00f3n directa de la Vicepresidenta. Por otra parte el investigador alega que existen registros telef\u00f3nicos que determin\u00f3 la presunta participaci\u00f3n de Abad en esta causa.<\/p>\n\n\n\n<figure class=\"wp-block-embed is-type-rich is-provider-twitter wp-block-embed-twitter\"><div class=\"wp-block-embed__wrapper\">\n<blockquote class=\"twitter-tweet\" data-width=\"550\" data-dnt=\"true\"><p lang=\"es\" dir=\"ltr\"><a href=\"https:\/\/twitter.com\/hashtag\/ATENCI%C3%93N?src=hash&amp;ref_src=twsrc%5Etfw\">#ATENCI\u00d3N<\/a> | <a href=\"https:\/\/twitter.com\/hashtag\/CasoNene?src=hash&amp;ref_src=twsrc%5Etfw\">#CasoNene<\/a>: <a href=\"https:\/\/twitter.com\/hashtag\/Fiscal%C3%ADaEc?src=hash&amp;ref_src=twsrc%5Etfw\">#Fiscal\u00edaEc<\/a> informa que \u2013con base en los elementos encontrados durante la instrucci\u00f3n fiscal\u2013 esta causa se traslada a la Unidad de Fuero de Corte Nacional.<br><br>Detalles \u2b07\ufe0f <a href=\"https:\/\/t.co\/511Q7manig\">pic.twitter.com\/511Q7manig<\/a><\/p>&mdash; Fiscal\u00eda Ecuador (@FiscaliaEcuador) <a href=\"https:\/\/twitter.com\/FiscaliaEcuador\/status\/1800176212272415165?ref_src=twsrc%5Etfw\">June 10, 2024<\/a><\/blockquote><script async src=\"https:\/\/platform.twitter.com\/widgets.js\" charset=\"utf-8\"><\/script>\n<\/div><\/figure>\n\n\n\n<p>Luego de que el Fiscal de la Unidad de Fuero de Corte Nacional asuma el caso, \u00e9l podr\u00e1 solicitar a la CNJ d\u00eda y hora para la vinculaci\u00f3n de Abad al proceso penal. La investigaci\u00f3n se prolongar\u00e1 30 d\u00edas m\u00e1s, desde ese momento.<\/p>\n\n\n\n<p><\/p>\n\n\n\n<p><\/p>\n","protected":false},"excerpt":{"rendered":"<p>Este lunes La Fiscal\u00eda anunci\u00f3 que vincular\u00e1 a la Vicepresidenta Ver\u00f3nica Abad en el proceso del Caso Nene. Adem\u00e1s, comunic\u00f3 la decisi\u00f3n de trasladar el proceso a la Unidad de Fuero de Corte Nacional de Justicia (CNJ).<\/p>\n","protected":false},"author":1,"featured_media":21975,"comment_status":"open","ping_status":"open","sticky":false,"template":"","format":"standard","meta":{"footnotes":""},"categories":[54],"tags":[22],"class_list":["post-21973","post","type-post","status-publish","format-standard","has-post-thumbnail","hentry","category-politica","tag-politica"],"_links":{"self":[{"href":"https:\/\/elmercuriomanta.ec\/index.php\/wp-json\/wp\/v2\/posts\/21973","targetHints":{"allow":["GET"]}}],"collection":[{"href":"https:\/\/elmercuriomanta.ec\/index.php\/wp-json\/wp\/v2\/posts"}],"about":[{"href":"https:\/\/elmercuriomanta.ec\/index.php\/wp-json\/wp\/v2\/types\/post"}],"author":[{"embeddable":true,"href":"https:\/\/elmercuriomanta.ec\/index.php\/wp-json\/wp\/v2\/users\/1"}],"replies":[{"embeddable":true,"href":"https:\/\/elmercuriomanta.ec\/index.php\/wp-json\/wp\/v2\/comments?post=21973"}],"version-history":[{"count":2,"href":"https:\/\/elmercuriomanta.ec\/index.php\/wp-json\/wp\/v2\/posts\/21973\/revisions"}],"predecessor-version":[{"id":21978,"href":"https:\/\/elmercuriomanta.ec\/index.php\/wp-json\/wp\/v2\/posts\/21973\/revisions\/21978"}],"wp:featuredmedia":[{"embeddable":true,"href":"https:\/\/elmercuriomanta.ec\/index.php\/wp-json\/wp\/v2\/media\/21975"}],"wp:attachment":[{"href":"https:\/\/elmercuriomanta.ec\/index.php\/wp-json\/wp\/v2\/media?parent=21973"}],"wp:term":[{"taxonomy":"category","embeddable":true,"href":"https:\/\/elmercuriomanta.ec\/index.php\/wp-json\/wp\/v2\/categories?post=21973"},{"taxonomy":"post_tag","embeddable":true,"href":"https:\/\/elmercuriomanta.ec\/index.php\/wp-json\/wp\/v2\/tags?post=21973"}],"curies":[{"name":"wp","href":"https:\/\/api.w.org\/{rel}","templated":true}]}}