{"id":21542,"date":"2024-06-04T12:33:58","date_gmt":"2024-06-04T17:33:58","guid":{"rendered":"https:\/\/elmercuriomanta.ec\/?p=21542"},"modified":"2024-06-04T12:33:59","modified_gmt":"2024-06-04T17:33:59","slug":"la-historia-de-mario-baez-en-cafe-aguila","status":"publish","type":"post","link":"https:\/\/elmercuriomanta.ec\/index.php\/2024\/06\/04\/la-historia-de-mario-baez-en-cafe-aguila\/","title":{"rendered":"La Historia de Mario B\u00e1ez en Caf\u00e9 \u00c1guila"},"content":{"rendered":"\n<div class=\"wp-block-columns is-layout-flex wp-container-core-columns-is-layout-28f84493 wp-block-columns-is-layout-flex\">\n<div class=\"wp-block-column is-layout-flow wp-block-column-is-layout-flow\">\n<figure class=\"wp-block-image size-large is-resized\"><img fetchpriority=\"high\" decoding=\"async\" width=\"597\" height=\"1024\" src=\"https:\/\/elmercuriomanta.ec\/wp-content\/uploads\/2024\/06\/WhatsApp-Image-2024-06-04-at-12.29.56-597x1024.jpeg\" alt=\"\" class=\"wp-image-21586\" style=\"width:173px;height:auto\" srcset=\"https:\/\/elmercuriomanta.ec\/wp-content\/uploads\/2024\/06\/WhatsApp-Image-2024-06-04-at-12.29.56-597x1024.jpeg 597w, https:\/\/elmercuriomanta.ec\/wp-content\/uploads\/2024\/06\/WhatsApp-Image-2024-06-04-at-12.29.56-175x300.jpeg 175w, https:\/\/elmercuriomanta.ec\/wp-content\/uploads\/2024\/06\/WhatsApp-Image-2024-06-04-at-12.29.56.jpeg 746w\" sizes=\"(max-width: 597px) 100vw, 597px\" \/><\/figure>\n<\/div>\n\n\n\n<div class=\"wp-block-column is-layout-flow wp-block-column-is-layout-flow\">\n<figure class=\"wp-block-image size-large is-resized\"><img decoding=\"async\" width=\"581\" height=\"1024\" src=\"https:\/\/elmercuriomanta.ec\/wp-content\/uploads\/2024\/06\/WhatsApp-Image-2024-06-04-at-12.30.14-581x1024.jpeg\" alt=\"\" class=\"wp-image-21588\" style=\"width:168px;height:auto\" srcset=\"https:\/\/elmercuriomanta.ec\/wp-content\/uploads\/2024\/06\/WhatsApp-Image-2024-06-04-at-12.30.14-581x1024.jpeg 581w, https:\/\/elmercuriomanta.ec\/wp-content\/uploads\/2024\/06\/WhatsApp-Image-2024-06-04-at-12.30.14-170x300.jpeg 170w, https:\/\/elmercuriomanta.ec\/wp-content\/uploads\/2024\/06\/WhatsApp-Image-2024-06-04-at-12.30.14.jpeg 726w\" sizes=\"(max-width: 581px) 100vw, 581px\" \/><\/figure>\n<\/div>\n<\/div>\n\n\n\n<p> El emprendimiento de Mario B\u00e1ez, Caf\u00e9 \u00c1guila valora y respeta cada grano de caf\u00e9 que pasa por sus manos. Es un lugar donde la maestr\u00eda del tueste y la preparaci\u00f3n se combinan para ofrecer una experiencia \u00fanica a los amantes del caf\u00e9.<\/p>\n\n\n\n<p>En este lugar se procesa el grano de caf\u00e9 rojo, importado desde Loja y tostado a un punto medio que realza su sabor y aroma. El molido  var\u00eda seg\u00fan el tipo de m\u00e1quina en la que se preparar\u00e1, ya sea para caf\u00e9 de olla, para colador fino, para m\u00e1quina casera, casera fina o para expresos.<\/p>\n\n\n\n<p>Mario B\u00e1ez, certificado como maestro de tueste por la Escuela de Caf\u00e9 de la Asociaci\u00f3n de Caf\u00e9s de Especialidad (SCA), lleva consigo esta pasi\u00f3n desde su infancia. Desde peque\u00f1o, compet\u00eda con sus amigos para lograr la perfecci\u00f3n en la preparaci\u00f3n del caf\u00e9, un desaf\u00edo que lo llev\u00f3 a convertirse en barista y obtener reconocimiento en el mundo del caf\u00e9.<\/p>\n\n\n\n<p>El proceso de tueste se realiza de manera artesanal, controlando el tiempo con precisi\u00f3n para alcanzar el punto medio ideal. Para Mario, la especialidad no solo consiste en el color negro, sino en el cuidado y la dedicaci\u00f3n con lo que se trata el caf\u00e9.<\/p>\n\n\n\n<p>El camino de emprender no ha sido f\u00e1cil para Ba\u00e9z porque a su edad, aprender nuevas t\u00e9cnicas y enfrentarse a los desaf\u00edos para traer la maquinaria necesaria para el proceso fue todo un reto. Sin embargo, su consejo para los que deseen emprender es claro: seguir la pasi\u00f3n y no rendirse ante las adversidades.<\/p>\n\n\n\n<p>Cuando prepara una taza de caf\u00e9, \u00e9l logra ajustar su dulzura y su amargor, al gusto de las personas.<\/p>\n\n\n\n<p>Con risas y entusiasmo, Mario comparte su amor por el caf\u00e9 y su compromiso con la excelencia en Caf\u00e9 \u00c1guila. <\/p>\n","protected":false},"excerpt":{"rendered":"<p> El emprendimiento de Mario B\u00e1ez, Caf\u00e9 \u00c1guila valora y respeta cada grano de caf\u00e9 que pasa por sus manos. Es un lugar donde la maestr\u00eda del tueste y la preparaci\u00f3n se combinan para ofrecer una experiencia \u00fanica a los amantes del caf\u00e9.<\/p>\n","protected":false},"author":1,"featured_media":21588,"comment_status":"open","ping_status":"open","sticky":false,"template":"","format":"standard","meta":{"footnotes":""},"categories":[93],"tags":[90],"class_list":["post-21542","post","type-post","status-publish","format-standard","has-post-thumbnail","hentry","category-emprendimiento","tag-emprendimiento"],"_links":{"self":[{"href":"https:\/\/elmercuriomanta.ec\/index.php\/wp-json\/wp\/v2\/posts\/21542","targetHints":{"allow":["GET"]}}],"collection":[{"href":"https:\/\/elmercuriomanta.ec\/index.php\/wp-json\/wp\/v2\/posts"}],"about":[{"href":"https:\/\/elmercuriomanta.ec\/index.php\/wp-json\/wp\/v2\/types\/post"}],"author":[{"embeddable":true,"href":"https:\/\/elmercuriomanta.ec\/index.php\/wp-json\/wp\/v2\/users\/1"}],"replies":[{"embeddable":true,"href":"https:\/\/elmercuriomanta.ec\/index.php\/wp-json\/wp\/v2\/comments?post=21542"}],"version-history":[{"count":1,"href":"https:\/\/elmercuriomanta.ec\/index.php\/wp-json\/wp\/v2\/posts\/21542\/revisions"}],"predecessor-version":[{"id":21589,"href":"https:\/\/elmercuriomanta.ec\/index.php\/wp-json\/wp\/v2\/posts\/21542\/revisions\/21589"}],"wp:featuredmedia":[{"embeddable":true,"href":"https:\/\/elmercuriomanta.ec\/index.php\/wp-json\/wp\/v2\/media\/21588"}],"wp:attachment":[{"href":"https:\/\/elmercuriomanta.ec\/index.php\/wp-json\/wp\/v2\/media?parent=21542"}],"wp:term":[{"taxonomy":"category","embeddable":true,"href":"https:\/\/elmercuriomanta.ec\/index.php\/wp-json\/wp\/v2\/categories?post=21542"},{"taxonomy":"post_tag","embeddable":true,"href":"https:\/\/elmercuriomanta.ec\/index.php\/wp-json\/wp\/v2\/tags?post=21542"}],"curies":[{"name":"wp","href":"https:\/\/api.w.org\/{rel}","templated":true}]}}