{"id":20866,"date":"2024-05-26T11:42:54","date_gmt":"2024-05-26T16:42:54","guid":{"rendered":"https:\/\/elmercuriomanta.ec\/?p=20866"},"modified":"2024-05-26T11:42:56","modified_gmt":"2024-05-26T16:42:56","slug":"el-gobierno-inicio-la-segunda-fase-del-conflicto-armado-interno","status":"publish","type":"post","link":"https:\/\/elmercuriomanta.ec\/index.php\/2024\/05\/26\/el-gobierno-inicio-la-segunda-fase-del-conflicto-armado-interno\/","title":{"rendered":"El Gobierno Inici\u00f3 la Segunda Fase del Conflicto Armado Interno"},"content":{"rendered":"\n<figure class=\"wp-block-image aligncenter size-full is-resized\"><img fetchpriority=\"high\" decoding=\"async\" width=\"275\" height=\"183\" src=\"https:\/\/elmercuriomanta.ec\/wp-content\/uploads\/2024\/05\/image-336.png\" alt=\"\" class=\"wp-image-20867\" style=\"width:348px;height:auto\"\/><\/figure>\n\n\n\n<p>Ecuador est\u00e1 en la segunda fase de la guerra declarada por el gobierno a los grupos de delincuencia organizada. As\u00ed lo mencion\u00f3 el presidente Daniel Noboa, el pasado jueves, cuando decret\u00f3 el tercer estado de excepci\u00f3n por la inseguridad y violencia criminal, pero esta vez focalizado el conflicto en siete provincias y un cant\u00f3n. Pero, \u00bfqu\u00e9 significa pasar a la segunda fase del conflicto armado interno? Seg\u00fan el presidente, es momento de actuar con m\u00e1s determinaci\u00f3n y darle a las Fuerzas Armadas herramientas para ganar la lucha.<\/p>\n\n\n\n<p>El excomandante del Ej\u00e9rcito, Luis Altamirano, se\u00f1ala que en los cuatro meses de conflicto armado el escenario cambi\u00f3 en el pa\u00eds y dice que de manera radical. La identificaci\u00f3n de los 22 grupos de delincuencia organizada como terroristas, la publicaci\u00f3n de los nombres y fotograf\u00edas de los objetivos militares, la intervenci\u00f3n en las c\u00e1rceles, la creaci\u00f3n de las Fuerzas de Tarea Conjunta, limitaron el campo de acci\u00f3n de las bandas. Ahora, en la segunda fase, seg\u00fan el excomandante de Infanter\u00eda, Fernando Recalde, las operaciones son m\u00e1s estrat\u00e9gicas y t\u00e1cticas dirigidas de forma puntual con informaci\u00f3n de inteligencia.<\/p>\n","protected":false},"excerpt":{"rendered":"<p>Ecuador est\u00e1 en la segunda fase de la guerra declarada por el gobierno a los grupos de delincuencia organizada. As\u00ed lo mencion\u00f3 el presidente Daniel Noboa, el pasado jueves, cuando decret\u00f3 el tercer estado de excepci\u00f3n por la inseguridad y violencia criminal, pero esta vez focalizado el conflicto en siete provincias y un cant\u00f3n. Pero, \u00bfqu\u00e9 significa pasar a la segunda fase del conflicto armado interno? Seg\u00fan el presidente, es momento de actuar con m\u00e1s determinaci\u00f3n y darle a las Fuerzas Armadas herramientas para ganar la lucha.<\/p>\n<p>El excomandante del Ej\u00e9rcito, Luis Altamirano, se\u00f1ala que en los cuatro meses de conflicto armado el escenario cambi\u00f3 en el pa\u00eds y dice que de manera radical. La identificaci\u00f3n de los 22 grupos de delincuencia organizada como terroristas, la publicaci\u00f3n de los nombres y fotograf\u00edas de los objetivos militares, la intervenci\u00f3n en las c\u00e1rceles, la creaci\u00f3n de las Fuerzas de Tarea Conjunta, limitaron el campo de acci\u00f3n de las bandas. Ahora, en la segunda fase, seg\u00fan el excomandante de Infanter\u00eda, Fernando Recalde, las operaciones son m\u00e1s estrat\u00e9gicas y t\u00e1cticas dirigidas de forma puntual con informaci\u00f3n de inteligencia.<\/p>\n","protected":false},"author":1,"featured_media":20867,"comment_status":"open","ping_status":"open","sticky":false,"template":"","format":"standard","meta":{"footnotes":""},"categories":[54,20],"tags":[23],"class_list":["post-20866","post","type-post","status-publish","format-standard","has-post-thumbnail","hentry","category-politica","category-portada-2","tag-ecuador"],"_links":{"self":[{"href":"https:\/\/elmercuriomanta.ec\/index.php\/wp-json\/wp\/v2\/posts\/20866","targetHints":{"allow":["GET"]}}],"collection":[{"href":"https:\/\/elmercuriomanta.ec\/index.php\/wp-json\/wp\/v2\/posts"}],"about":[{"href":"https:\/\/elmercuriomanta.ec\/index.php\/wp-json\/wp\/v2\/types\/post"}],"author":[{"embeddable":true,"href":"https:\/\/elmercuriomanta.ec\/index.php\/wp-json\/wp\/v2\/users\/1"}],"replies":[{"embeddable":true,"href":"https:\/\/elmercuriomanta.ec\/index.php\/wp-json\/wp\/v2\/comments?post=20866"}],"version-history":[{"count":1,"href":"https:\/\/elmercuriomanta.ec\/index.php\/wp-json\/wp\/v2\/posts\/20866\/revisions"}],"predecessor-version":[{"id":20868,"href":"https:\/\/elmercuriomanta.ec\/index.php\/wp-json\/wp\/v2\/posts\/20866\/revisions\/20868"}],"wp:featuredmedia":[{"embeddable":true,"href":"https:\/\/elmercuriomanta.ec\/index.php\/wp-json\/wp\/v2\/media\/20867"}],"wp:attachment":[{"href":"https:\/\/elmercuriomanta.ec\/index.php\/wp-json\/wp\/v2\/media?parent=20866"}],"wp:term":[{"taxonomy":"category","embeddable":true,"href":"https:\/\/elmercuriomanta.ec\/index.php\/wp-json\/wp\/v2\/categories?post=20866"},{"taxonomy":"post_tag","embeddable":true,"href":"https:\/\/elmercuriomanta.ec\/index.php\/wp-json\/wp\/v2\/tags?post=20866"}],"curies":[{"name":"wp","href":"https:\/\/api.w.org\/{rel}","templated":true}]}}