{"id":20785,"date":"2024-05-24T12:02:11","date_gmt":"2024-05-24T17:02:11","guid":{"rendered":"https:\/\/elmercuriomanta.ec\/?p=20785"},"modified":"2024-05-24T12:02:13","modified_gmt":"2024-05-24T17:02:13","slug":"unos-350-militares-estan-desplegados-en-pedernales","status":"publish","type":"post","link":"https:\/\/elmercuriomanta.ec\/index.php\/2024\/05\/24\/unos-350-militares-estan-desplegados-en-pedernales\/","title":{"rendered":"Unos 350 Militares est\u00e1n Desplegados en Pedernales"},"content":{"rendered":"\n<figure class=\"wp-block-image aligncenter size-large is-resized\"><img fetchpriority=\"high\" decoding=\"async\" width=\"1024\" height=\"1024\" src=\"https:\/\/elmercuriomanta.ec\/wp-content\/uploads\/2024\/05\/image-308-1024x1024.png\" alt=\"\" class=\"wp-image-20786\" style=\"width:317px;height:auto\" srcset=\"https:\/\/elmercuriomanta.ec\/wp-content\/uploads\/2024\/05\/image-308-1024x1024.png 1024w, https:\/\/elmercuriomanta.ec\/wp-content\/uploads\/2024\/05\/image-308-300x300.png 300w, https:\/\/elmercuriomanta.ec\/wp-content\/uploads\/2024\/05\/image-308-150x150.png 150w, https:\/\/elmercuriomanta.ec\/wp-content\/uploads\/2024\/05\/image-308-768x768.png 768w, https:\/\/elmercuriomanta.ec\/wp-content\/uploads\/2024\/05\/image-308.png 1280w\" sizes=\"(max-width: 1024px) 100vw, 1024px\" \/><\/figure>\n\n\n\n<p>En cumplimiento con el Decreto Ejecutivo 275, las Fuerzas Armadas de Ecuador, a trav\u00e9s de la Fuerza de Tarea Conjunta Manab\u00ed, han militarizado el cant\u00f3n Pedernales, provincia de Manab\u00ed. Esta acci\u00f3n forma parte de una operaci\u00f3n de control de armas, municiones y explosivos, en un esfuerzo por mejorar la seguridad y el orden en la regi\u00f3n.<\/p>\n\n\n\n<p>Aproximadamente 350 efectivos de las Fuerzas Armadas han sido desplegados en el cant\u00f3n, iniciando una serie de operativos que incluyen patrullajes, registros y control de puntos estrat\u00e9gicos. El objetivo principal de esta intervenci\u00f3n es desarmar a grupos ilegales y reducir la violencia en la zona. La militarizaci\u00f3n de Pedernales responde a un aumento en los \u00edndices de criminalidad y la necesidad urgente de restaurar la paz y el orden. Las autoridades han asegurado a la ciudadan\u00eda que estas medidas son temporales y buscan garantizar la seguridad de los habitantes.<\/p>\n","protected":false},"excerpt":{"rendered":"<p>En cumplimiento con el Decreto Ejecutivo 275, las Fuerzas Armadas de Ecuador, a trav\u00e9s de la Fuerza de Tarea Conjunta Manab\u00ed, han militarizado el cant\u00f3n Pedernales, provincia de Manab\u00ed. Esta acci\u00f3n forma parte de una operaci\u00f3n de control de armas, municiones y explosivos, en un esfuerzo por mejorar la seguridad y el orden en la regi\u00f3n.<\/p>\n<p>Aproximadamente 350 efectivos de las Fuerzas Armadas han sido desplegados en el cant\u00f3n, iniciando una serie de operativos que incluyen patrullajes, registros y control de puntos estrat\u00e9gicos. El objetivo principal de esta intervenci\u00f3n es desarmar a grupos ilegales y reducir la violencia en la zona. La militarizaci\u00f3n de Pedernales responde a un aumento en los \u00edndices de criminalidad y la necesidad urgente de restaurar la paz y el orden. Las autoridades han asegurado a la ciudadan\u00eda que estas medidas son temporales y buscan garantizar la seguridad de los habitantes.<\/p>\n","protected":false},"author":1,"featured_media":20786,"comment_status":"open","ping_status":"open","sticky":false,"template":"","format":"standard","meta":{"footnotes":""},"categories":[1],"tags":[29],"class_list":["post-20785","post","type-post","status-publish","format-standard","has-post-thumbnail","hentry","category-uncategorized","tag-manabi"],"_links":{"self":[{"href":"https:\/\/elmercuriomanta.ec\/index.php\/wp-json\/wp\/v2\/posts\/20785","targetHints":{"allow":["GET"]}}],"collection":[{"href":"https:\/\/elmercuriomanta.ec\/index.php\/wp-json\/wp\/v2\/posts"}],"about":[{"href":"https:\/\/elmercuriomanta.ec\/index.php\/wp-json\/wp\/v2\/types\/post"}],"author":[{"embeddable":true,"href":"https:\/\/elmercuriomanta.ec\/index.php\/wp-json\/wp\/v2\/users\/1"}],"replies":[{"embeddable":true,"href":"https:\/\/elmercuriomanta.ec\/index.php\/wp-json\/wp\/v2\/comments?post=20785"}],"version-history":[{"count":1,"href":"https:\/\/elmercuriomanta.ec\/index.php\/wp-json\/wp\/v2\/posts\/20785\/revisions"}],"predecessor-version":[{"id":20787,"href":"https:\/\/elmercuriomanta.ec\/index.php\/wp-json\/wp\/v2\/posts\/20785\/revisions\/20787"}],"wp:featuredmedia":[{"embeddable":true,"href":"https:\/\/elmercuriomanta.ec\/index.php\/wp-json\/wp\/v2\/media\/20786"}],"wp:attachment":[{"href":"https:\/\/elmercuriomanta.ec\/index.php\/wp-json\/wp\/v2\/media?parent=20785"}],"wp:term":[{"taxonomy":"category","embeddable":true,"href":"https:\/\/elmercuriomanta.ec\/index.php\/wp-json\/wp\/v2\/categories?post=20785"},{"taxonomy":"post_tag","embeddable":true,"href":"https:\/\/elmercuriomanta.ec\/index.php\/wp-json\/wp\/v2\/tags?post=20785"}],"curies":[{"name":"wp","href":"https:\/\/api.w.org\/{rel}","templated":true}]}}