{"id":20491,"date":"2024-05-20T17:21:05","date_gmt":"2024-05-20T22:21:05","guid":{"rendered":"https:\/\/elmercuriomanta.ec\/?p=20491"},"modified":"2024-05-20T17:21:08","modified_gmt":"2024-05-20T22:21:08","slug":"ministerio-del-deporte-investigara-a-la-federacion-ecuatoriana-de-ciclismo","status":"publish","type":"post","link":"https:\/\/elmercuriomanta.ec\/index.php\/2024\/05\/20\/ministerio-del-deporte-investigara-a-la-federacion-ecuatoriana-de-ciclismo\/","title":{"rendered":"Ministerio del Deporte investigar\u00e1 a la Federaci\u00f3n Ecuatoriana de Ciclismo"},"content":{"rendered":"\n<figure class=\"wp-block-image aligncenter size-large is-resized\"><img fetchpriority=\"high\" decoding=\"async\" width=\"682\" height=\"1024\" src=\"https:\/\/elmercuriomanta.ec\/wp-content\/uploads\/2024\/05\/WhatsApp-Image-2023-11-29-at-09.18.44-1-682x1024.jpeg\" alt=\"\" class=\"wp-image-20492\" style=\"width:273px;height:auto\" srcset=\"https:\/\/elmercuriomanta.ec\/wp-content\/uploads\/2024\/05\/WhatsApp-Image-2023-11-29-at-09.18.44-1-682x1024.jpeg 682w, https:\/\/elmercuriomanta.ec\/wp-content\/uploads\/2024\/05\/WhatsApp-Image-2023-11-29-at-09.18.44-1-200x300.jpeg 200w, https:\/\/elmercuriomanta.ec\/wp-content\/uploads\/2024\/05\/WhatsApp-Image-2023-11-29-at-09.18.44-1-768x1153.jpeg 768w, https:\/\/elmercuriomanta.ec\/wp-content\/uploads\/2024\/05\/WhatsApp-Image-2023-11-29-at-09.18.44-1-1023x1536.jpeg 1023w, https:\/\/elmercuriomanta.ec\/wp-content\/uploads\/2024\/05\/WhatsApp-Image-2023-11-29-at-09.18.44-1.jpeg 1066w\" sizes=\"(max-width: 682px) 100vw, 682px\" \/><\/figure>\n\n\n\n<p>El Ministerio del Deporte se ha pronunciado respecto al representante de Ecuador en los Juegos Olimpicos.\u00a0Por lo que pidio a la  a la Federacion Ecuatoriana de Ciclismo aplazar la decisi\u00f3n del ciclista que representar\u00e1 a Ecuador en Par\u00eds 2024.<\/p>\n\n\n\n<p>\u00abEl Ministerio del Deporte anuncia el inicio de una investigaci\u00f3n exhaustiva para clarificar el accionar de la Federaci\u00f3n Ecuatoriana de Ciclismo, ante lo ocurrido con nuestro campe\u00f3n ol\u00edmpico Richard Carapaz\u00bb dice el comunicado de la Cartera de Estado.<\/p>\n","protected":false},"excerpt":{"rendered":"<p>El Ministerio del Deporte se ha pronunciado respecto al representante de Ecuador en los Juegos Olimpicos.<\/p>\n","protected":false},"author":1,"featured_media":20492,"comment_status":"open","ping_status":"open","sticky":false,"template":"","format":"standard","meta":{"footnotes":""},"categories":[1],"tags":[],"class_list":["post-20491","post","type-post","status-publish","format-standard","has-post-thumbnail","hentry","category-uncategorized"],"_links":{"self":[{"href":"https:\/\/elmercuriomanta.ec\/index.php\/wp-json\/wp\/v2\/posts\/20491","targetHints":{"allow":["GET"]}}],"collection":[{"href":"https:\/\/elmercuriomanta.ec\/index.php\/wp-json\/wp\/v2\/posts"}],"about":[{"href":"https:\/\/elmercuriomanta.ec\/index.php\/wp-json\/wp\/v2\/types\/post"}],"author":[{"embeddable":true,"href":"https:\/\/elmercuriomanta.ec\/index.php\/wp-json\/wp\/v2\/users\/1"}],"replies":[{"embeddable":true,"href":"https:\/\/elmercuriomanta.ec\/index.php\/wp-json\/wp\/v2\/comments?post=20491"}],"version-history":[{"count":1,"href":"https:\/\/elmercuriomanta.ec\/index.php\/wp-json\/wp\/v2\/posts\/20491\/revisions"}],"predecessor-version":[{"id":20493,"href":"https:\/\/elmercuriomanta.ec\/index.php\/wp-json\/wp\/v2\/posts\/20491\/revisions\/20493"}],"wp:featuredmedia":[{"embeddable":true,"href":"https:\/\/elmercuriomanta.ec\/index.php\/wp-json\/wp\/v2\/media\/20492"}],"wp:attachment":[{"href":"https:\/\/elmercuriomanta.ec\/index.php\/wp-json\/wp\/v2\/media?parent=20491"}],"wp:term":[{"taxonomy":"category","embeddable":true,"href":"https:\/\/elmercuriomanta.ec\/index.php\/wp-json\/wp\/v2\/categories?post=20491"},{"taxonomy":"post_tag","embeddable":true,"href":"https:\/\/elmercuriomanta.ec\/index.php\/wp-json\/wp\/v2\/tags?post=20491"}],"curies":[{"name":"wp","href":"https:\/\/api.w.org\/{rel}","templated":true}]}}