{"id":20152,"date":"2024-05-16T11:28:58","date_gmt":"2024-05-16T16:28:58","guid":{"rendered":"https:\/\/elmercuriomanta.ec\/?p=20152"},"modified":"2024-05-16T11:29:56","modified_gmt":"2024-05-16T16:29:56","slug":"apagones-y-el-iva-al-15-golpearon-el-bolsillo-de-las-familias-y-redujeron-la-popularidad-de-noboa-en-mas-de-20-puntos","status":"publish","type":"post","link":"https:\/\/elmercuriomanta.ec\/index.php\/2024\/05\/16\/apagones-y-el-iva-al-15-golpearon-el-bolsillo-de-las-familias-y-redujeron-la-popularidad-de-noboa-en-mas-de-20-puntos\/","title":{"rendered":"Apagones y el IVA al 15% golpearon el bolsillo de las familias y redujeron la popularidad de Noboa en m\u00e1s de 20 puntos"},"content":{"rendered":"\n<figure class=\"wp-block-image aligncenter size-large is-resized\"><img fetchpriority=\"high\" decoding=\"async\" width=\"1024\" height=\"695\" src=\"https:\/\/elmercuriomanta.ec\/wp-content\/uploads\/2024\/05\/image-179-1024x695.png\" alt=\"\" class=\"wp-image-20154\" style=\"width:333px;height:auto\" srcset=\"https:\/\/elmercuriomanta.ec\/wp-content\/uploads\/2024\/05\/image-179-1024x695.png 1024w, https:\/\/elmercuriomanta.ec\/wp-content\/uploads\/2024\/05\/image-179-300x204.png 300w, https:\/\/elmercuriomanta.ec\/wp-content\/uploads\/2024\/05\/image-179-768x521.png 768w, https:\/\/elmercuriomanta.ec\/wp-content\/uploads\/2024\/05\/image-179-1536x1042.png 1536w, https:\/\/elmercuriomanta.ec\/wp-content\/uploads\/2024\/05\/image-179.png 2047w\" sizes=\"(max-width: 1024px) 100vw, 1024px\" \/><\/figure>\n\n\n\n<p>Los apagones de abril de 2024 (que llegaron hasta las 9 horas al d\u00eda) profundizaron la ca\u00edda de las ventas, los ingresos y el consumo. Ese mes tambi\u00e9n se registr\u00f3 la subida del IVA del 12% al 15%, lo que produjo una escalada de precios con efecto directo al presupuesto ya menguado de las familias ecuatorianas. La inflaci\u00f3n mensual de abril de 2024, con un 1,27%, fue la m\u00e1s alta de todos los meses de abril de los \u00faltimos 10 a\u00f1os.&nbsp;<\/p>\n\n\n\n<p>El nivel de abril de este a\u00f1o fue, por ejemplo, seis veces m\u00e1s que el de 2023 Si se analiza la inflaci\u00f3n anual (2,75%), con corte a abril, la de 2024 fue la tercera m\u00e1s alta, solo superada por las de 2022 y 2015. Aunque desde el Ministerio de Econom\u00eda se asegur\u00f3 que el IVA al 15% no hab\u00eda afectado a los productos de primera necesidad durante abril, y que \u201cse hab\u00edan realizado controles de precios efectivos con las intendencias\u201d, el golpe al bolsillo fue real. En sectores como el automotriz se produjo una ca\u00edda en ventas, y todo eso provoc\u00f3 un remez\u00f3n pol\u00edtico.<\/p>\n\n\n\n<p>&nbsp;Seg\u00fan la \u00faltima encuesta de Comunicaliza, realizada entre el 9 y 12 de mayo, se visualiza claramente que la conjunci\u00f3n de apagones y subida del IVA provocaron que la aprobaci\u00f3n o popularidad del presidente de la Rep\u00fablica, Daniel Noboa, caiga m\u00e1s de 20 puntos en pocas semanas. Hasta el 1 de febrero de 2024, antes de que se concretara la aprobaci\u00f3n de la ley para subir el IVA, la popularidad de Noboa superaba el 80%; pero a partir de ah\u00ed inici\u00f3 una ca\u00edda de m\u00e1s de 10 puntos (por debajo del 70% antes del inicio de los apagones).<\/p>\n\n\n\n<p>\u00a0Durante la crisis el\u00e9ctrica, que puso en modo supervivencia financiera a familias y empresas, se produjo otra ca\u00edda importante hasta que la aprobaci\u00f3n presidencial se ubica actualmente en 59,3%.<\/p>\n\n\n\n<p>Esto, m\u00e1s all\u00e1 de transparentar el sentir ciudadano sobre la gesti\u00f3n y los resultados de Noboa, apunta a un cambio social importante. La crisis econ\u00f3mica, que incluye los bajos ingresos y las pocas oportunidades laborales, se empieza a posicionar como el principal problema de las familias ecuatorianas. \u201cAl inicio del Gobierno de (Guillermo) Lasso la preocupaci\u00f3n central fue el Covid-19, pero la vacunaci\u00f3n la sustituy\u00f3 por problemas econ\u00f3micos. Al inicio del Gobierno de Noboa la preocupaci\u00f3n central fue la inseguridad.<\/p>\n\n\n\n<p>&nbsp;Ya no m\u00e1s. Ahora son nuevamente los problemas econ\u00f3micos\u201d, explic\u00f3 Alberto Acosta Burneo, economista y editor de An\u00e1lisis Semanal. La subida del IVA, que fue la principal llave para abrir la puerta del trato con el Fondo Monetario Internacional (FMI), de acuerdo con Gerardo Verdecia, analista econ\u00f3mico del Instituto Ecuatoriano de Econom\u00eda Pol\u00edtica, solo representa un alivio moment\u00e1neo y a corto plazo; pero sin reformas estructurales no solucionar\u00e1 realmente la crisis fiscal y el lastre que representa un Estado deficitario para el crecimiento y la inversi\u00f3n en el pa\u00eds.&nbsp;<\/p>\n\n\n\n<p>Este 2024, con un crecimiento del 0,1%, se podr\u00eda cerrar con una poblaci\u00f3n ecuatoriana m\u00e1s pobre y endeudada. Muchos sectores pol\u00edticos, sociales y empresariales, a pesar del golpe, han respaldado (y todav\u00eda lo hacen) la subida del IVA. Sin embargo, todo ese apoyo se puede erosionar r\u00e1pidamente. Cada vez se ve m\u00e1s complicado que se consigan grandes ingresos por el IVA en el arranque. Si se analiza el crecimiento de las ventas, entre el primer trimestre de 2024 y el primer trimestre de 2023, solo se alcanz\u00f3 un 0,7% m\u00e1s.<\/p>\n\n\n\n<p>&nbsp;Un a\u00f1o atr\u00e1s el crecimiento era del 7% Si se analiza solo marzo, antes de que subiera el IVA del 12% al 15%, las ventas gravadas con IVA crecieron 5,5% y las no gravadas con IVA cayeron 2,8%. Es decir, la gente aprovech\u00f3 la v\u00edspera para consumir antes de que el impuesto fuera m\u00e1s alto, pero en abril se registr\u00f3 un desplome pronunciado en ventas.<\/p>\n","protected":false},"excerpt":{"rendered":"<p>Los apagones de abril de 2024 (que llegaron hasta las 9 horas al d\u00eda) profundizaron la ca\u00edda de las ventas, los ingresos y el consumo.<\/p>\n","protected":false},"author":1,"featured_media":20154,"comment_status":"open","ping_status":"open","sticky":false,"template":"","format":"standard","meta":{"footnotes":""},"categories":[54,20],"tags":[22],"class_list":["post-20152","post","type-post","status-publish","format-standard","has-post-thumbnail","hentry","category-politica","category-portada-2","tag-politica"],"_links":{"self":[{"href":"https:\/\/elmercuriomanta.ec\/index.php\/wp-json\/wp\/v2\/posts\/20152","targetHints":{"allow":["GET"]}}],"collection":[{"href":"https:\/\/elmercuriomanta.ec\/index.php\/wp-json\/wp\/v2\/posts"}],"about":[{"href":"https:\/\/elmercuriomanta.ec\/index.php\/wp-json\/wp\/v2\/types\/post"}],"author":[{"embeddable":true,"href":"https:\/\/elmercuriomanta.ec\/index.php\/wp-json\/wp\/v2\/users\/1"}],"replies":[{"embeddable":true,"href":"https:\/\/elmercuriomanta.ec\/index.php\/wp-json\/wp\/v2\/comments?post=20152"}],"version-history":[{"count":2,"href":"https:\/\/elmercuriomanta.ec\/index.php\/wp-json\/wp\/v2\/posts\/20152\/revisions"}],"predecessor-version":[{"id":20156,"href":"https:\/\/elmercuriomanta.ec\/index.php\/wp-json\/wp\/v2\/posts\/20152\/revisions\/20156"}],"wp:featuredmedia":[{"embeddable":true,"href":"https:\/\/elmercuriomanta.ec\/index.php\/wp-json\/wp\/v2\/media\/20154"}],"wp:attachment":[{"href":"https:\/\/elmercuriomanta.ec\/index.php\/wp-json\/wp\/v2\/media?parent=20152"}],"wp:term":[{"taxonomy":"category","embeddable":true,"href":"https:\/\/elmercuriomanta.ec\/index.php\/wp-json\/wp\/v2\/categories?post=20152"},{"taxonomy":"post_tag","embeddable":true,"href":"https:\/\/elmercuriomanta.ec\/index.php\/wp-json\/wp\/v2\/tags?post=20152"}],"curies":[{"name":"wp","href":"https:\/\/api.w.org\/{rel}","templated":true}]}}