{"id":19906,"date":"2024-05-13T17:58:05","date_gmt":"2024-05-13T22:58:05","guid":{"rendered":"https:\/\/elmercuriomanta.ec\/?p=19906"},"modified":"2024-05-13T17:58:06","modified_gmt":"2024-05-13T22:58:06","slug":"turu-un-rincon-magico-para-crear-en-manta","status":"publish","type":"post","link":"https:\/\/elmercuriomanta.ec\/index.php\/2024\/05\/13\/turu-un-rincon-magico-para-crear-en-manta\/","title":{"rendered":"Turu: Un rinc\u00f3n m\u00e1gico para crear en Manta"},"content":{"rendered":"\n<figure class=\"wp-block-image aligncenter size-full is-resized\"><img fetchpriority=\"high\" decoding=\"async\" width=\"225\" height=\"225\" src=\"https:\/\/elmercuriomanta.ec\/wp-content\/uploads\/2024\/05\/image-140.png\" alt=\"\" class=\"wp-image-19980\" style=\"width:168px;height:auto\" srcset=\"https:\/\/elmercuriomanta.ec\/wp-content\/uploads\/2024\/05\/image-140.png 225w, https:\/\/elmercuriomanta.ec\/wp-content\/uploads\/2024\/05\/image-140-150x150.png 150w\" sizes=\"(max-width: 225px) 100vw, 225px\" \/><\/figure>\n\n\n\n<p>Suany Cantos, co-propietaria de Turu, arte en cer\u00e1mica, comparte la inspiradora historia detr\u00e1s del nacimiento de su emprendimiento que cre\u00f3 junto a su suegra, Aida Herrera. Fue Aida quien la incentiv\u00f3 e introdujo a utilizar y crear en arcilla, ya que cuando viv\u00eda en Quito trabajaba con este material y tambi\u00e9n se dedicaba a la pintura. Al sumergirse en el mundo de la cer\u00e1mica, Suany se apasion\u00f3 y decidi\u00f3 tomar cursos para perfeccionar su t\u00e9cnica.<\/p>\n\n\n\n<figure class=\"wp-block-image aligncenter size-large is-resized\"><img decoding=\"async\" width=\"835\" height=\"1024\" src=\"https:\/\/elmercuriomanta.ec\/wp-content\/uploads\/2024\/05\/WhatsApp-Image-2024-05-13-at-17.56.20-2-835x1024.jpeg\" alt=\"\" class=\"wp-image-19981\" style=\"width:308px;height:auto\" srcset=\"https:\/\/elmercuriomanta.ec\/wp-content\/uploads\/2024\/05\/WhatsApp-Image-2024-05-13-at-17.56.20-2-835x1024.jpeg 835w, https:\/\/elmercuriomanta.ec\/wp-content\/uploads\/2024\/05\/WhatsApp-Image-2024-05-13-at-17.56.20-2-245x300.jpeg 245w, https:\/\/elmercuriomanta.ec\/wp-content\/uploads\/2024\/05\/WhatsApp-Image-2024-05-13-at-17.56.20-2-768x942.jpeg 768w, https:\/\/elmercuriomanta.ec\/wp-content\/uploads\/2024\/05\/WhatsApp-Image-2024-05-13-at-17.56.20-2.jpeg 1044w\" sizes=\"(max-width: 835px) 100vw, 835px\" \/><\/figure>\n\n\n\n<p>La idea de crear un espacio en Manta donde compartir sus conocimientos y habilidades con la comunidad surgi\u00f3 de Suany y su suegra. A pesar de abrir apenas una semana antes de la pandemia y al verse obligadas a cerrar temporalmente, continuaron perfeccionando su concepto de emprendimiento y ofreciendo cursos. En el 2020, reabrieron en un nuevo local en la calle 24, teniendo una gran acogida. <\/p>\n\n\n\n<p>Hace dos a\u00f1os, en octubre, se trasladaron al sector de los Gavilanes. Por otra parte, Suany menciona que su trabajo le recuerda la alegr\u00eda de su ni\u00f1ez al jugar con plastilina.<\/p>\n\n\n\n<p> Turu ofrece dos tipos de talleres: uno desde la creaci\u00f3n inicial, hasta la pieza final, lista para ser pintada, y otro centrado en t\u00e9cnicas avanzadas. Los participantes pueden asistir individualmente o en grupo, y hay opciones de paquetes personalizados, guiados por Suany y Aida.<\/p>\n\n\n\n<div class=\"wp-block-columns is-layout-flex wp-container-core-columns-is-layout-28f84493 wp-block-columns-is-layout-flex\">\n<div class=\"wp-block-column is-layout-flow wp-block-column-is-layout-flow\">\n<figure class=\"wp-block-image size-large is-resized\"><img decoding=\"async\" width=\"1024\" height=\"1010\" src=\"https:\/\/elmercuriomanta.ec\/wp-content\/uploads\/2024\/05\/WhatsApp-Image-2024-05-13-at-17.56.20-1-1024x1010.jpeg\" alt=\"\" class=\"wp-image-19982\" style=\"width:281px;height:auto\" srcset=\"https:\/\/elmercuriomanta.ec\/wp-content\/uploads\/2024\/05\/WhatsApp-Image-2024-05-13-at-17.56.20-1-1024x1010.jpeg 1024w, https:\/\/elmercuriomanta.ec\/wp-content\/uploads\/2024\/05\/WhatsApp-Image-2024-05-13-at-17.56.20-1-300x296.jpeg 300w, https:\/\/elmercuriomanta.ec\/wp-content\/uploads\/2024\/05\/WhatsApp-Image-2024-05-13-at-17.56.20-1-768x757.jpeg 768w, https:\/\/elmercuriomanta.ec\/wp-content\/uploads\/2024\/05\/WhatsApp-Image-2024-05-13-at-17.56.20-1.jpeg 1170w\" sizes=\"(max-width: 1024px) 100vw, 1024px\" \/><\/figure>\n<\/div>\n\n\n\n<div class=\"wp-block-column is-layout-flow wp-block-column-is-layout-flow\">\n<figure class=\"wp-block-image size-large is-resized\"><img loading=\"lazy\" decoding=\"async\" width=\"1024\" height=\"1004\" src=\"https:\/\/elmercuriomanta.ec\/wp-content\/uploads\/2024\/05\/WhatsApp-Image-2024-05-13-at-17.56.20-1024x1004.jpeg\" alt=\"\" class=\"wp-image-19983\" style=\"width:280px;height:auto\" srcset=\"https:\/\/elmercuriomanta.ec\/wp-content\/uploads\/2024\/05\/WhatsApp-Image-2024-05-13-at-17.56.20-1024x1004.jpeg 1024w, https:\/\/elmercuriomanta.ec\/wp-content\/uploads\/2024\/05\/WhatsApp-Image-2024-05-13-at-17.56.20-300x294.jpeg 300w, https:\/\/elmercuriomanta.ec\/wp-content\/uploads\/2024\/05\/WhatsApp-Image-2024-05-13-at-17.56.20-768x753.jpeg 768w, https:\/\/elmercuriomanta.ec\/wp-content\/uploads\/2024\/05\/WhatsApp-Image-2024-05-13-at-17.56.20.jpeg 1170w\" sizes=\"(max-width: 1024px) 100vw, 1024px\" \/><\/figure>\n<\/div>\n<\/div>\n\n\n\n<p>Este emprendimiento ha sido fundamental para fomentar la interacci\u00f3n social con la comunidad, llegando incluso a colaborar con escuelas locales. <\/p>\n\n\n\n<p>Suany invita a la ciudadan\u00eda de Manta y otros cantones, a disfrutar de este espacio que estimula la imaginaci\u00f3n. Ya sea en ocasiones especiales como el D\u00eda del Padre o simplemente para crear un recuerdo inolvidable, en Turu, cada experiencia se convierte en una obra \u00fanica que perdurar\u00e1 en el tiempo.<\/p>\n","protected":false},"excerpt":{"rendered":"<p>Suany Cantos, co-propietaria de Turu, arte en cer\u00e1mica, comparte la inspiradora historia detr\u00e1s del nacimiento de su emprendimiento que cre\u00f3 junto a su suegra, Aida Herrera. Fue Aida quien la incentiv\u00f3 e introdujo a utilizar y crear en arcilla, ya que cuando viv\u00eda en Quito trabajaba con este material y tambi\u00e9n se dedicaba a la pintura. Al sumergirse en el mundo de la cer\u00e1mica, Suany se apasion\u00f3 y decidi\u00f3 tomar cursos para perfeccionar su t\u00e9cnica.<\/p>\n","protected":false},"author":1,"featured_media":19980,"comment_status":"open","ping_status":"open","sticky":false,"template":"","format":"standard","meta":{"footnotes":""},"categories":[83,1],"tags":[90],"class_list":["post-19906","post","type-post","status-publish","format-standard","has-post-thumbnail","hentry","category-sucesos","category-uncategorized","tag-emprendimiento"],"_links":{"self":[{"href":"https:\/\/elmercuriomanta.ec\/index.php\/wp-json\/wp\/v2\/posts\/19906","targetHints":{"allow":["GET"]}}],"collection":[{"href":"https:\/\/elmercuriomanta.ec\/index.php\/wp-json\/wp\/v2\/posts"}],"about":[{"href":"https:\/\/elmercuriomanta.ec\/index.php\/wp-json\/wp\/v2\/types\/post"}],"author":[{"embeddable":true,"href":"https:\/\/elmercuriomanta.ec\/index.php\/wp-json\/wp\/v2\/users\/1"}],"replies":[{"embeddable":true,"href":"https:\/\/elmercuriomanta.ec\/index.php\/wp-json\/wp\/v2\/comments?post=19906"}],"version-history":[{"count":1,"href":"https:\/\/elmercuriomanta.ec\/index.php\/wp-json\/wp\/v2\/posts\/19906\/revisions"}],"predecessor-version":[{"id":19984,"href":"https:\/\/elmercuriomanta.ec\/index.php\/wp-json\/wp\/v2\/posts\/19906\/revisions\/19984"}],"wp:featuredmedia":[{"embeddable":true,"href":"https:\/\/elmercuriomanta.ec\/index.php\/wp-json\/wp\/v2\/media\/19980"}],"wp:attachment":[{"href":"https:\/\/elmercuriomanta.ec\/index.php\/wp-json\/wp\/v2\/media?parent=19906"}],"wp:term":[{"taxonomy":"category","embeddable":true,"href":"https:\/\/elmercuriomanta.ec\/index.php\/wp-json\/wp\/v2\/categories?post=19906"},{"taxonomy":"post_tag","embeddable":true,"href":"https:\/\/elmercuriomanta.ec\/index.php\/wp-json\/wp\/v2\/tags?post=19906"}],"curies":[{"name":"wp","href":"https:\/\/api.w.org\/{rel}","templated":true}]}}