{"id":19753,"date":"2024-05-10T10:49:39","date_gmt":"2024-05-10T15:49:39","guid":{"rendered":"https:\/\/elmercuriomanta.ec\/?p=19753"},"modified":"2024-05-10T11:31:42","modified_gmt":"2024-05-10T16:31:42","slug":"guillermo-duro-no-seguira-en-delfin","status":"publish","type":"post","link":"https:\/\/elmercuriomanta.ec\/index.php\/2024\/05\/10\/guillermo-duro-no-seguira-en-delfin\/","title":{"rendered":"GUILLERMO DUR\u00d3 NO SEGUIR\u00c1 EN DELF\u00cdN"},"content":{"rendered":"\n<figure class=\"wp-block-image aligncenter size-full is-resized\"><img fetchpriority=\"high\" decoding=\"async\" width=\"640\" height=\"509\" src=\"https:\/\/elmercuriomanta.ec\/wp-content\/uploads\/2024\/05\/638a14e2d54850f4c49fd1d06640238c.webp\" alt=\"\" class=\"wp-image-19754\" style=\"width:371px;height:auto\" srcset=\"https:\/\/elmercuriomanta.ec\/wp-content\/uploads\/2024\/05\/638a14e2d54850f4c49fd1d06640238c.webp 640w, https:\/\/elmercuriomanta.ec\/wp-content\/uploads\/2024\/05\/638a14e2d54850f4c49fd1d06640238c-300x239.webp 300w\" sizes=\"(max-width: 640px) 100vw, 640px\" \/><\/figure>\n\n\n\n<p>Guillermo Dur\u00f3, no continuar\u00e1 en la direcci\u00f3n t\u00e9cnica del Delf\u00edn, luego del partido y en la rueda de prensa en C\u00f3rdoba, Argentina, lo dijo Seg\u00fan se conoci\u00f3, la decisi\u00f3n de la no continuidad de Dur\u00f3, ya estaba tomada antes del partido frente al Belgrano. As\u00ed se indic\u00f3 desde Argentina, que el presidente del club, economista Jos\u00e9 Delgado, habr\u00eda anunciado que el nuevo t\u00e9cnico es el colombiano Juan Pablo Buch, quien ser\u00eda presentado hoy en la tarde en Manta.<\/p>\n\n\n\n<p>\u00abNo depend\u00eda de este resultado, la tuvimos reservada a la determinaci\u00f3n. Le ped\u00ed al presidente que me dejara dirigir este partido. Estoy orgulloso del grupo que tengo, de los jugadores que me han defendido y lo demostraron en la cancha. Me voy tranquilo con un trabajo de 19 meses en un club humilde, pero realmente ordenado y que me ha tratado realmente muy bien\u00bb.<\/p>\n","protected":false},"excerpt":{"rendered":"<p>Guillermo Dur\u00f3, no continuar\u00e1 en la direcci\u00f3n t\u00e9cnica del Delf\u00edn, luego del partido y en la rueda de prensa en C\u00f3rdoba, Argentina, lo dijo Seg\u00fan se conoci\u00f3, la decisi\u00f3n de la no continuidad de Dur\u00f3, ya estaba tomada antes del partido frente al Belgrano.<\/p>\n","protected":false},"author":1,"featured_media":19754,"comment_status":"open","ping_status":"open","sticky":false,"template":"","format":"standard","meta":{"footnotes":""},"categories":[1],"tags":[],"class_list":["post-19753","post","type-post","status-publish","format-standard","has-post-thumbnail","hentry","category-uncategorized"],"_links":{"self":[{"href":"https:\/\/elmercuriomanta.ec\/index.php\/wp-json\/wp\/v2\/posts\/19753","targetHints":{"allow":["GET"]}}],"collection":[{"href":"https:\/\/elmercuriomanta.ec\/index.php\/wp-json\/wp\/v2\/posts"}],"about":[{"href":"https:\/\/elmercuriomanta.ec\/index.php\/wp-json\/wp\/v2\/types\/post"}],"author":[{"embeddable":true,"href":"https:\/\/elmercuriomanta.ec\/index.php\/wp-json\/wp\/v2\/users\/1"}],"replies":[{"embeddable":true,"href":"https:\/\/elmercuriomanta.ec\/index.php\/wp-json\/wp\/v2\/comments?post=19753"}],"version-history":[{"count":2,"href":"https:\/\/elmercuriomanta.ec\/index.php\/wp-json\/wp\/v2\/posts\/19753\/revisions"}],"predecessor-version":[{"id":19797,"href":"https:\/\/elmercuriomanta.ec\/index.php\/wp-json\/wp\/v2\/posts\/19753\/revisions\/19797"}],"wp:featuredmedia":[{"embeddable":true,"href":"https:\/\/elmercuriomanta.ec\/index.php\/wp-json\/wp\/v2\/media\/19754"}],"wp:attachment":[{"href":"https:\/\/elmercuriomanta.ec\/index.php\/wp-json\/wp\/v2\/media?parent=19753"}],"wp:term":[{"taxonomy":"category","embeddable":true,"href":"https:\/\/elmercuriomanta.ec\/index.php\/wp-json\/wp\/v2\/categories?post=19753"},{"taxonomy":"post_tag","embeddable":true,"href":"https:\/\/elmercuriomanta.ec\/index.php\/wp-json\/wp\/v2\/tags?post=19753"}],"curies":[{"name":"wp","href":"https:\/\/api.w.org\/{rel}","templated":true}]}}