{"id":1963,"date":"2023-06-30T21:25:49","date_gmt":"2023-06-30T21:25:49","guid":{"rendered":"https:\/\/elmercuriomanta.ec\/?p=1963"},"modified":"2023-06-30T21:25:49","modified_gmt":"2023-06-30T21:25:49","slug":"perfil-vicepresidencial-diana-jacome","status":"publish","type":"post","link":"https:\/\/elmercuriomanta.ec\/index.php\/2023\/06\/30\/perfil-vicepresidencial-diana-jacome\/","title":{"rendered":"Perfil Vicepresidencial: DIANA J\u00c1COME"},"content":{"rendered":"\n<figure class=\"wp-block-image aligncenter size-full\"><img fetchpriority=\"high\" decoding=\"async\" width=\"433\" height=\"620\" src=\"https:\/\/elmercuriomanta.ec\/wp-content\/uploads\/2023\/06\/image-190.png\" alt=\"\" class=\"wp-image-1964\" srcset=\"https:\/\/elmercuriomanta.ec\/wp-content\/uploads\/2023\/06\/image-190.png 433w, https:\/\/elmercuriomanta.ec\/wp-content\/uploads\/2023\/06\/image-190-210x300.png 210w\" sizes=\"(max-width: 433px) 100vw, 433px\" \/><\/figure>\n\n\n\n<p>Diana J\u00e1come Silva es abogada y comunicadora, tiene 40 a\u00f1os.<\/p>\n\n\n\n<p>El pasado 6 de junio fue anunciada por el candidato presidencial Jan Topic como compa\u00f1era de f\u00f3rmula para las elecciones anticipadas este 20 de agosto de 2023.<\/p>\n\n\n\n<figure class=\"wp-block-embed is-type-rich is-provider-twitter wp-block-embed-twitter\"><div class=\"wp-block-embed__wrapper\">\n<blockquote class=\"twitter-tweet\" data-width=\"550\" data-dnt=\"true\"><p lang=\"es\" dir=\"ltr\">Honrado de contar con <a href=\"https:\/\/twitter.com\/dianajacome?ref_src=twsrc%5Etfw\">@dianajacome<\/a>, destacada abogada y periodista, como compa\u00f1era de f\u00f3rmula para estas Elecciones.<br><br>\u00a1Bienvenida, Diana! \u00a1Vamos juntos por un <a href=\"https:\/\/twitter.com\/hashtag\/EcuadorSinMiedo?src=hash&amp;ref_src=twsrc%5Etfw\">#EcuadorSinMiedo<\/a>! \ud83e\udd1c\ud83e\udd1b \ud83c\uddea\ud83c\udde8<a href=\"https:\/\/twitter.com\/hashtag\/JanTopic?src=hash&amp;ref_src=twsrc%5Etfw\">#JanTopic<\/a> <a href=\"https:\/\/twitter.com\/hashtag\/Topic?src=hash&amp;ref_src=twsrc%5Etfw\">#Topic<\/a> <a href=\"https:\/\/twitter.com\/hashtag\/JanTopic2023?src=hash&amp;ref_src=twsrc%5Etfw\">#JanTopic2023<\/a> <a href=\"https:\/\/t.co\/8cD73QoKL5\">pic.twitter.com\/8cD73QoKL5<\/a><\/p>&mdash; Jan Topic (@jantopicecuador) <a href=\"https:\/\/twitter.com\/jantopicecuador\/status\/1666187241918537728?ref_src=twsrc%5Etfw\">June 6, 2023<\/a><\/blockquote><script async src=\"https:\/\/platform.twitter.com\/widgets.js\" charset=\"utf-8\"><\/script>\n<\/div><\/figure>\n\n\n\n<p>En primera instancia, Jan Topic hab\u00eda elegido al experto petrolero&nbsp;Pedro Freile, pero el&nbsp;Tribunal Contencioso Electoral&nbsp;(TCE) resolvi\u00f3 que las duplas se rijan en paridad, esto ligado a la reforma al&nbsp;C\u00f3digo de la Democracia.&nbsp;<\/p>\n\n\n\n<p><strong>\u00bfQui\u00e9n es Diana J\u00e1come?<\/strong><\/p>\n\n\n\n<p>Diana J\u00e1come estudi\u00f3 en la Universidad T\u00e9cnica Particular de Loja y tiene una maestr\u00eda en Derecho Constitucional por la Universidad Esp\u00edritu Santo. Adem\u00e1s, tiene una maestr\u00eda en Argumentaci\u00f3n Jur\u00eddica de la Universidad de Alicante y que est\u00e1 cursando un posgrado en Derecho Penal en la Universidad Andina Sim\u00f3n Bol\u00edvar.&nbsp;<\/p>\n\n\n\n<p>Desempe\u00f1\u00f3 su profesi\u00f3n como jurisconsulta en&nbsp;instituciones p\u00fablicas y municipales, entre ellas: Servicio de Rentas Internas (SRI), Municipio de Quito, Corte Constitucional, Consejo de Participaci\u00f3n Ciudadana y Control Social (CPCCS), Consejo de Regulaci\u00f3n y Desarrollo de la Informaci\u00f3n y Comunicaci\u00f3n, Consejo de la Judicatura y Ministerio del Trabajo.<\/p>\n\n\n\n<p>Como comunicadora, J\u00e1come trabaj\u00f3 como&nbsp;presentadora de televisi\u00f3n&nbsp;y como locutora de radios en Quito, entre ellos:&nbsp;TC Televisi\u00f3n, GamaTV, Televicentro&nbsp;y&nbsp;Ecuador TV.<\/p>\n\n\n\n<figure class=\"wp-block-image aligncenter size-large\"><img decoding=\"async\" width=\"819\" height=\"1024\" src=\"https:\/\/elmercuriomanta.ec\/wp-content\/uploads\/2023\/06\/image-191-819x1024.png\" alt=\"\" class=\"wp-image-1966\" srcset=\"https:\/\/elmercuriomanta.ec\/wp-content\/uploads\/2023\/06\/image-191-819x1024.png 819w, https:\/\/elmercuriomanta.ec\/wp-content\/uploads\/2023\/06\/image-191-240x300.png 240w, https:\/\/elmercuriomanta.ec\/wp-content\/uploads\/2023\/06\/image-191-768x960.png 768w, https:\/\/elmercuriomanta.ec\/wp-content\/uploads\/2023\/06\/image-191-1229x1536.png 1229w, https:\/\/elmercuriomanta.ec\/wp-content\/uploads\/2023\/06\/image-191-1638x2048.png 1638w\" sizes=\"(max-width: 819px) 100vw, 819px\" \/><\/figure>\n","protected":false},"excerpt":{"rendered":"<p>Diana J\u00e1come Silva es abogada y comunicadora, tiene 40 a\u00f1os. El pasado 6 de junio fue anunciada por el candidato presidencial Jan Topic como compa\u00f1era de f\u00f3rmula para las elecciones anticipadas este 20 de agosto de 2023. En primera instancia, Jan Topic hab\u00eda elegido al experto petrolero&nbsp;Pedro Freile, pero el&nbsp;Tribunal Contencioso Electoral&nbsp;(TCE) resolvi\u00f3 que las [&hellip;]<\/p>\n","protected":false},"author":12,"featured_media":1964,"comment_status":"open","ping_status":"open","sticky":false,"template":"","format":"standard","meta":{"footnotes":""},"categories":[54],"tags":[],"class_list":["post-1963","post","type-post","status-publish","format-standard","has-post-thumbnail","hentry","category-politica"],"_links":{"self":[{"href":"https:\/\/elmercuriomanta.ec\/index.php\/wp-json\/wp\/v2\/posts\/1963","targetHints":{"allow":["GET"]}}],"collection":[{"href":"https:\/\/elmercuriomanta.ec\/index.php\/wp-json\/wp\/v2\/posts"}],"about":[{"href":"https:\/\/elmercuriomanta.ec\/index.php\/wp-json\/wp\/v2\/types\/post"}],"author":[{"embeddable":true,"href":"https:\/\/elmercuriomanta.ec\/index.php\/wp-json\/wp\/v2\/users\/12"}],"replies":[{"embeddable":true,"href":"https:\/\/elmercuriomanta.ec\/index.php\/wp-json\/wp\/v2\/comments?post=1963"}],"version-history":[{"count":0,"href":"https:\/\/elmercuriomanta.ec\/index.php\/wp-json\/wp\/v2\/posts\/1963\/revisions"}],"wp:featuredmedia":[{"embeddable":true,"href":"https:\/\/elmercuriomanta.ec\/index.php\/wp-json\/wp\/v2\/media\/1964"}],"wp:attachment":[{"href":"https:\/\/elmercuriomanta.ec\/index.php\/wp-json\/wp\/v2\/media?parent=1963"}],"wp:term":[{"taxonomy":"category","embeddable":true,"href":"https:\/\/elmercuriomanta.ec\/index.php\/wp-json\/wp\/v2\/categories?post=1963"},{"taxonomy":"post_tag","embeddable":true,"href":"https:\/\/elmercuriomanta.ec\/index.php\/wp-json\/wp\/v2\/tags?post=1963"}],"curies":[{"name":"wp","href":"https:\/\/api.w.org\/{rel}","templated":true}]}}