{"id":19521,"date":"2024-05-07T17:32:55","date_gmt":"2024-05-07T22:32:55","guid":{"rendered":"https:\/\/elmercuriomanta.ec\/?p=19521"},"modified":"2024-05-07T17:32:57","modified_gmt":"2024-05-07T22:32:57","slug":"hijo-de-la-vicepresidenta-veronica-abad-recupero-su-libertad","status":"publish","type":"post","link":"https:\/\/elmercuriomanta.ec\/index.php\/2024\/05\/07\/hijo-de-la-vicepresidenta-veronica-abad-recupero-su-libertad\/","title":{"rendered":"hijo de la vicepresidenta, Ver\u00f3nica Abad recuper\u00f3 su libertad"},"content":{"rendered":"\n<figure class=\"wp-block-image aligncenter size-full is-resized\"><img fetchpriority=\"high\" decoding=\"async\" width=\"720\" height=\"831\" src=\"https:\/\/elmercuriomanta.ec\/wp-content\/uploads\/2024\/05\/image-56.png\" alt=\"\" class=\"wp-image-19522\" style=\"width:263px;height:auto\" srcset=\"https:\/\/elmercuriomanta.ec\/wp-content\/uploads\/2024\/05\/image-56.png 720w, https:\/\/elmercuriomanta.ec\/wp-content\/uploads\/2024\/05\/image-56-260x300.png 260w\" sizes=\"(max-width: 720px) 100vw, 720px\" \/><\/figure>\n\n\n\n<p>Francisco Sebasti\u00e1n Barreiro, hijo de la vicepresidenta, Ver\u00f3nica Abad recuper\u00f3 su libertad y dej\u00f3 la c\u00e1rcel de m\u00e1xima seguridad \u2018La Roca\u2019, luego de haber pagado $20.000 hace casi un mes. <\/p>\n\n\n\n<p>Su abogado confirm\u00f3 que se defender\u00e1 en libertad porque enfrenta una investigaci\u00f3n penal por supuesto oferta de tr\u00e1fico de influencias, en el Caso Nene. <\/p>\n","protected":false},"excerpt":{"rendered":"<p>Francisco Sebasti\u00e1n Barreiro, hijo de la vicepresidenta, Ver\u00f3nica Abad recuper\u00f3 su libertad y dej\u00f3 la c\u00e1rcel de m\u00e1xima seguridad \u2018La Roca\u2019, luego de haber pagado $20.000 hace casi un mes. <\/p>\n","protected":false},"author":1,"featured_media":19522,"comment_status":"open","ping_status":"open","sticky":false,"template":"","format":"standard","meta":{"footnotes":""},"categories":[54,83],"tags":[23,22],"class_list":["post-19521","post","type-post","status-publish","format-standard","has-post-thumbnail","hentry","category-politica","category-sucesos","tag-ecuador","tag-politica"],"_links":{"self":[{"href":"https:\/\/elmercuriomanta.ec\/index.php\/wp-json\/wp\/v2\/posts\/19521","targetHints":{"allow":["GET"]}}],"collection":[{"href":"https:\/\/elmercuriomanta.ec\/index.php\/wp-json\/wp\/v2\/posts"}],"about":[{"href":"https:\/\/elmercuriomanta.ec\/index.php\/wp-json\/wp\/v2\/types\/post"}],"author":[{"embeddable":true,"href":"https:\/\/elmercuriomanta.ec\/index.php\/wp-json\/wp\/v2\/users\/1"}],"replies":[{"embeddable":true,"href":"https:\/\/elmercuriomanta.ec\/index.php\/wp-json\/wp\/v2\/comments?post=19521"}],"version-history":[{"count":1,"href":"https:\/\/elmercuriomanta.ec\/index.php\/wp-json\/wp\/v2\/posts\/19521\/revisions"}],"predecessor-version":[{"id":19523,"href":"https:\/\/elmercuriomanta.ec\/index.php\/wp-json\/wp\/v2\/posts\/19521\/revisions\/19523"}],"wp:featuredmedia":[{"embeddable":true,"href":"https:\/\/elmercuriomanta.ec\/index.php\/wp-json\/wp\/v2\/media\/19522"}],"wp:attachment":[{"href":"https:\/\/elmercuriomanta.ec\/index.php\/wp-json\/wp\/v2\/media?parent=19521"}],"wp:term":[{"taxonomy":"category","embeddable":true,"href":"https:\/\/elmercuriomanta.ec\/index.php\/wp-json\/wp\/v2\/categories?post=19521"},{"taxonomy":"post_tag","embeddable":true,"href":"https:\/\/elmercuriomanta.ec\/index.php\/wp-json\/wp\/v2\/tags?post=19521"}],"curies":[{"name":"wp","href":"https:\/\/api.w.org\/{rel}","templated":true}]}}