{"id":19516,"date":"2024-05-07T18:29:46","date_gmt":"2024-05-07T23:29:46","guid":{"rendered":"https:\/\/elmercuriomanta.ec\/?p=19516"},"modified":"2024-05-07T18:29:48","modified_gmt":"2024-05-07T23:29:48","slug":"eloy-alfaro-la-parroquia-del-olvido","status":"publish","type":"post","link":"https:\/\/elmercuriomanta.ec\/index.php\/2024\/05\/07\/eloy-alfaro-la-parroquia-del-olvido\/","title":{"rendered":"Eloy Alfaro: La parroquia del olvido"},"content":{"rendered":"\n<div class=\"wp-block-columns is-layout-flex wp-container-core-columns-is-layout-28f84493 wp-block-columns-is-layout-flex\">\n<div class=\"wp-block-column is-layout-flow wp-block-column-is-layout-flow\">\n<figure class=\"wp-block-image size-large\"><img fetchpriority=\"high\" decoding=\"async\" width=\"719\" height=\"404\" src=\"https:\/\/elmercuriomanta.ec\/wp-content\/uploads\/2024\/05\/WhatsApp-Image-2024-05-07-at-18.26.37-edited.jpeg\" alt=\"\" class=\"wp-image-19531\" srcset=\"https:\/\/elmercuriomanta.ec\/wp-content\/uploads\/2024\/05\/WhatsApp-Image-2024-05-07-at-18.26.37-edited.jpeg 719w, https:\/\/elmercuriomanta.ec\/wp-content\/uploads\/2024\/05\/WhatsApp-Image-2024-05-07-at-18.26.37-edited-300x169.jpeg 300w\" sizes=\"(max-width: 719px) 100vw, 719px\" \/><\/figure>\n<\/div>\n\n\n\n<div class=\"wp-block-column is-layout-flow wp-block-column-is-layout-flow\">\n<figure class=\"wp-block-image size-large\"><img decoding=\"async\" width=\"719\" height=\"404\" src=\"https:\/\/elmercuriomanta.ec\/wp-content\/uploads\/2024\/05\/WhatsApp-Image-2024-05-07-at-18.26.38-1-edited-1.jpeg\" alt=\"\" class=\"wp-image-19534\" srcset=\"https:\/\/elmercuriomanta.ec\/wp-content\/uploads\/2024\/05\/WhatsApp-Image-2024-05-07-at-18.26.38-1-edited-1.jpeg 719w, https:\/\/elmercuriomanta.ec\/wp-content\/uploads\/2024\/05\/WhatsApp-Image-2024-05-07-at-18.26.38-1-edited-1-300x169.jpeg 300w\" sizes=\"(max-width: 719px) 100vw, 719px\" \/><\/figure>\n<\/div>\n<\/div>\n\n\n\n<p>En la parroquia Eloy Alfaro, el morador del barrio Santa Luc\u00eda, H\u00e9ctor Mac\u00edas, se encuentra enfrentando m\u00faltiples problemas de servicios b\u00e1sicos. La falta de agua, luz y el lamentable estado de las calles inundadas de basura est\u00e1n generando preocupaci\u00f3n en la comunidad.<\/p>\n\n\n\n<p>Seg\u00fan Mac\u00edas, el suministro de agua es intermitente, desapareciendo por largos per\u00edodos, y la electricidad tambi\u00e9n presenta irregularidades en su servicio, cobrando tarifas sin mejorar la infraestructura.<\/p>\n\n\n\n<div class=\"wp-block-columns is-layout-flex wp-container-core-columns-is-layout-28f84493 wp-block-columns-is-layout-flex\">\n<div class=\"wp-block-column is-layout-flow wp-block-column-is-layout-flow\">\n<figure class=\"wp-block-image size-large\"><img decoding=\"async\" width=\"719\" height=\"404\" src=\"https:\/\/elmercuriomanta.ec\/wp-content\/uploads\/2024\/05\/WhatsApp-Image-2024-05-07-at-18.26.37-1-edited.jpeg\" alt=\"\" class=\"wp-image-19536\" srcset=\"https:\/\/elmercuriomanta.ec\/wp-content\/uploads\/2024\/05\/WhatsApp-Image-2024-05-07-at-18.26.37-1-edited.jpeg 719w, https:\/\/elmercuriomanta.ec\/wp-content\/uploads\/2024\/05\/WhatsApp-Image-2024-05-07-at-18.26.37-1-edited-300x169.jpeg 300w\" sizes=\"(max-width: 719px) 100vw, 719px\" \/><\/figure>\n<\/div>\n\n\n\n<div class=\"wp-block-column is-layout-flow wp-block-column-is-layout-flow\">\n<figure class=\"wp-block-image size-large\"><img loading=\"lazy\" decoding=\"async\" width=\"719\" height=\"404\" src=\"https:\/\/elmercuriomanta.ec\/wp-content\/uploads\/2024\/05\/WhatsApp-Image-2024-05-07-at-18.26.37-2-edited.jpeg\" alt=\"\" class=\"wp-image-19539\" srcset=\"https:\/\/elmercuriomanta.ec\/wp-content\/uploads\/2024\/05\/WhatsApp-Image-2024-05-07-at-18.26.37-2-edited.jpeg 719w, https:\/\/elmercuriomanta.ec\/wp-content\/uploads\/2024\/05\/WhatsApp-Image-2024-05-07-at-18.26.37-2-edited-300x169.jpeg 300w\" sizes=\"(max-width: 719px) 100vw, 719px\" \/><\/figure>\n<\/div>\n<\/div>\n\n\n\n<p>La acumulaci\u00f3n de basura es evidente en las calles, mientras el alcantarillado y la iluminaci\u00f3n p\u00fablica est\u00e1n en mal estado, sin recibir la atenci\u00f3n requerida de las autoridades pertinentes. Reportan que durante dos semanas el suministro de agua estuvo ausente, afectando significativamente a los habitantes. La recolecci\u00f3n de basura tambi\u00e9n es inconsistente, con d\u00edas en los que el servicio no se realiza. <\/p>\n\n\n\n<p>Los residentes expresan su temor ante la inseguridad, afirmando que la Polic\u00eda evita ingresar al sector por miedo a represalias. En resumen, las condiciones precarias de los servicios b\u00e1sicos en este barrio requieren urgente atenci\u00f3n de las autoridades municipales para garantizar una mejor calidad de vida para sus habitantes.<\/p>\n","protected":false},"excerpt":{"rendered":"<p>En la parroquia Eloy Alfaro, el morador del barrio Santa Luc\u00eda, H\u00e9ctor Mac\u00edas, se encuentra enfrentando m\u00faltiples problemas de servicios b\u00e1sicos. La falta de agua, luz y el lamentable estado de las calles inundadas de basura est\u00e1n generando preocupaci\u00f3n en la comunidad.<\/p>\n","protected":false},"author":1,"featured_media":19538,"comment_status":"open","ping_status":"open","sticky":false,"template":"","format":"standard","meta":{"footnotes":""},"categories":[20,1],"tags":[87,86],"class_list":["post-19516","post","type-post","status-publish","format-standard","has-post-thumbnail","hentry","category-portada-2","category-uncategorized","tag-el-mercurio-en-los-barrios","tag-en-tu-barrio"],"_links":{"self":[{"href":"https:\/\/elmercuriomanta.ec\/index.php\/wp-json\/wp\/v2\/posts\/19516","targetHints":{"allow":["GET"]}}],"collection":[{"href":"https:\/\/elmercuriomanta.ec\/index.php\/wp-json\/wp\/v2\/posts"}],"about":[{"href":"https:\/\/elmercuriomanta.ec\/index.php\/wp-json\/wp\/v2\/types\/post"}],"author":[{"embeddable":true,"href":"https:\/\/elmercuriomanta.ec\/index.php\/wp-json\/wp\/v2\/users\/1"}],"replies":[{"embeddable":true,"href":"https:\/\/elmercuriomanta.ec\/index.php\/wp-json\/wp\/v2\/comments?post=19516"}],"version-history":[{"count":1,"href":"https:\/\/elmercuriomanta.ec\/index.php\/wp-json\/wp\/v2\/posts\/19516\/revisions"}],"predecessor-version":[{"id":19540,"href":"https:\/\/elmercuriomanta.ec\/index.php\/wp-json\/wp\/v2\/posts\/19516\/revisions\/19540"}],"wp:featuredmedia":[{"embeddable":true,"href":"https:\/\/elmercuriomanta.ec\/index.php\/wp-json\/wp\/v2\/media\/19538"}],"wp:attachment":[{"href":"https:\/\/elmercuriomanta.ec\/index.php\/wp-json\/wp\/v2\/media?parent=19516"}],"wp:term":[{"taxonomy":"category","embeddable":true,"href":"https:\/\/elmercuriomanta.ec\/index.php\/wp-json\/wp\/v2\/categories?post=19516"},{"taxonomy":"post_tag","embeddable":true,"href":"https:\/\/elmercuriomanta.ec\/index.php\/wp-json\/wp\/v2\/tags?post=19516"}],"curies":[{"name":"wp","href":"https:\/\/api.w.org\/{rel}","templated":true}]}}