{"id":18826,"date":"2024-04-23T10:34:27","date_gmt":"2024-04-23T15:34:27","guid":{"rendered":"https:\/\/elmercuriomanta.ec\/?p=18826"},"modified":"2024-04-23T10:34:29","modified_gmt":"2024-04-23T15:34:29","slug":"impulsan-juicio-politico-en-contra-de-milei-por-genocidio-economico","status":"publish","type":"post","link":"https:\/\/elmercuriomanta.ec\/index.php\/2024\/04\/23\/impulsan-juicio-politico-en-contra-de-milei-por-genocidio-economico\/","title":{"rendered":"Impulsan juicio pol\u00edtico en contra de Milei por \u2018genocidio econ\u00f3mico\u2019\u00a0"},"content":{"rendered":"\n<figure class=\"wp-block-image aligncenter size-large is-resized\"><img fetchpriority=\"high\" decoding=\"async\" width=\"1024\" height=\"689\" src=\"https:\/\/elmercuriomanta.ec\/wp-content\/uploads\/2024\/04\/image-256-1024x689.png\" alt=\"\" class=\"wp-image-18828\" style=\"width:489px;height:auto\" srcset=\"https:\/\/elmercuriomanta.ec\/wp-content\/uploads\/2024\/04\/image-256-1024x689.png 1024w, https:\/\/elmercuriomanta.ec\/wp-content\/uploads\/2024\/04\/image-256-300x202.png 300w, https:\/\/elmercuriomanta.ec\/wp-content\/uploads\/2024\/04\/image-256-768x517.png 768w, https:\/\/elmercuriomanta.ec\/wp-content\/uploads\/2024\/04\/image-256-1536x1034.png 1536w, https:\/\/elmercuriomanta.ec\/wp-content\/uploads\/2024\/04\/image-256.png 1920w\" sizes=\"(max-width: 1024px) 100vw, 1024px\" \/><\/figure>\n\n\n\n<p>Activistas de la lucha por los derechos humanos en Argentina presentaron este 22 de abril de 2024 ante el Congreso de la Naci\u00f3n una petici\u00f3n de juicio pol\u00edtico contra el presidente del pa\u00eds suramericano, Javier Milei, \u00abpor mal desempe\u00f1o de sus funciones y posible comisi\u00f3n de delitos\u00ab.<\/p>\n\n\n\n<p>&nbsp;En el documento de 25 p\u00e1ginas, el artista y referente de derechos humanos Adolfo P\u00e9rez Esquivel, Premio Nobel de la Paz 1980; la exembajadora argentina en Venezuela y Reino Unido, Alicia Castro; y la integrante de Madres de Plaza de Mayo L\u00ednea Fundadora, Taty Almeida; entre otros firmantes, solicitaron al presidente de la C\u00e1mara de Diputados, Mart\u00edn Menem, el inicio del proceso de juicio pol\u00edtico contra el ultraliberal.&nbsp;<\/p>\n\n\n\n<p>Los impulsores de esta iniciativa, que debe pasar varios filtros antes de que, efectivamente, se apruebe la celebraci\u00f3n de un juicio pol\u00edtico, citan el \u00abgenocidio econ\u00f3mico\u00bb -en alusi\u00f3n a la dureza del ajuste econ\u00f3mico emprendido por el Ejecutivo de Milei- como una de las causas. La acci\u00f3n es por el decreto de necesidad y urgencia (DNU) 70\/2023, firmado por el mandatario el 20 de diciembre de 2023 y por la denominada \u2018ley \u00f3mnibus\u2019, que fue rechazada por los diputados de la C\u00e1mara baja.<\/p>\n","protected":false},"excerpt":{"rendered":"<p>Activistas de la lucha por los derechos humanos en Argentina presentaron este 22 de abril de 2024 ante el Congreso de la Naci\u00f3n una petici\u00f3n de juicio pol\u00edtico contra el presidente del pa\u00eds suramericano, Javier Milei, \u00abpor mal desempe\u00f1o de sus funciones y posible comisi\u00f3n de delitos\u00ab.<\/p>\n","protected":false},"author":1,"featured_media":18828,"comment_status":"open","ping_status":"open","sticky":false,"template":"","format":"standard","meta":{"footnotes":""},"categories":[1],"tags":[42],"class_list":["post-18826","post","type-post","status-publish","format-standard","has-post-thumbnail","hentry","category-uncategorized","tag-internacional"],"_links":{"self":[{"href":"https:\/\/elmercuriomanta.ec\/index.php\/wp-json\/wp\/v2\/posts\/18826","targetHints":{"allow":["GET"]}}],"collection":[{"href":"https:\/\/elmercuriomanta.ec\/index.php\/wp-json\/wp\/v2\/posts"}],"about":[{"href":"https:\/\/elmercuriomanta.ec\/index.php\/wp-json\/wp\/v2\/types\/post"}],"author":[{"embeddable":true,"href":"https:\/\/elmercuriomanta.ec\/index.php\/wp-json\/wp\/v2\/users\/1"}],"replies":[{"embeddable":true,"href":"https:\/\/elmercuriomanta.ec\/index.php\/wp-json\/wp\/v2\/comments?post=18826"}],"version-history":[{"count":1,"href":"https:\/\/elmercuriomanta.ec\/index.php\/wp-json\/wp\/v2\/posts\/18826\/revisions"}],"predecessor-version":[{"id":18829,"href":"https:\/\/elmercuriomanta.ec\/index.php\/wp-json\/wp\/v2\/posts\/18826\/revisions\/18829"}],"wp:featuredmedia":[{"embeddable":true,"href":"https:\/\/elmercuriomanta.ec\/index.php\/wp-json\/wp\/v2\/media\/18828"}],"wp:attachment":[{"href":"https:\/\/elmercuriomanta.ec\/index.php\/wp-json\/wp\/v2\/media?parent=18826"}],"wp:term":[{"taxonomy":"category","embeddable":true,"href":"https:\/\/elmercuriomanta.ec\/index.php\/wp-json\/wp\/v2\/categories?post=18826"},{"taxonomy":"post_tag","embeddable":true,"href":"https:\/\/elmercuriomanta.ec\/index.php\/wp-json\/wp\/v2\/tags?post=18826"}],"curies":[{"name":"wp","href":"https:\/\/api.w.org\/{rel}","templated":true}]}}