{"id":18759,"date":"2024-04-22T09:48:31","date_gmt":"2024-04-22T14:48:31","guid":{"rendered":"https:\/\/elmercuriomanta.ec\/?p=18759"},"modified":"2024-04-22T09:48:33","modified_gmt":"2024-04-22T14:48:33","slug":"el-inamhi-pronostica-lluvias-tormentas-y-viento-hasta-el-24-de-abril","status":"publish","type":"post","link":"https:\/\/elmercuriomanta.ec\/index.php\/2024\/04\/22\/el-inamhi-pronostica-lluvias-tormentas-y-viento-hasta-el-24-de-abril\/","title":{"rendered":"El INAMHI Pronostica lluvias, tormentas y viento hasta el 24 de abril"},"content":{"rendered":"\n<figure class=\"wp-block-image aligncenter size-full is-resized\"><img fetchpriority=\"high\" decoding=\"async\" width=\"825\" height=\"600\" src=\"https:\/\/elmercuriomanta.ec\/wp-content\/uploads\/2024\/04\/image-243.png\" alt=\"\" class=\"wp-image-18760\" style=\"width:464px;height:auto\" srcset=\"https:\/\/elmercuriomanta.ec\/wp-content\/uploads\/2024\/04\/image-243.png 825w, https:\/\/elmercuriomanta.ec\/wp-content\/uploads\/2024\/04\/image-243-300x218.png 300w, https:\/\/elmercuriomanta.ec\/wp-content\/uploads\/2024\/04\/image-243-768x559.png 768w\" sizes=\"(max-width: 825px) 100vw, 825px\" \/><\/figure>\n\n\n\n<p>Lluvias, tormentas y viento pronostica el Instituto de Meteorolog\u00eda e Hidrolog\u00eda (Inamhi) hasta el 24 de abril. Las precipitaciones m\u00e1s intensas se esperan en el Callej\u00f3n Interandino, as\u00ed como en el norte del Litoral y la Amazon\u00eda, seg\u00fan consta en la Alerta Meteorol\u00f3gica No.\u00a024.<\/p>\n\n\n\n<p>&nbsp;El Inamhi advirti\u00f3 que zonas de las provincias de Ca\u00f1ar, Azuay, Bol\u00edvar, Pichincha, Esmeraldas e Imbabura registrar\u00e1n niveles de lluvia muy altos, con m\u00e1s de 42 mil\u00edmetros al d\u00eda. Los d\u00edas con los eventos m\u00e1s intensos ser\u00e1n las noches del 21 y 22 y ma\u00f1anas del 22 y 23 de abril, especialmente en el norte de la regi\u00f3n Interandina. En este pron\u00f3stico no se prev\u00e9 lluvias de importancia en Santa Elena ni el sur de Guayas y Manab\u00ed.&nbsp;<\/p>\n\n\n\n<p>El \u00edndice de Radiaci\u00f3n Ultravioleta (UV), mientras tanto, ser\u00e1 alto a escala nacional, con excepci\u00f3n en zonas del este de Esmeraldas, Manab\u00ed y Loja. Para el lunes 22, llegar\u00e1 a nivel 7 (alto).<\/p>\n","protected":false},"excerpt":{"rendered":"<p>Lluvias, tormentas y viento pronostica el Instituto de Meteorolog\u00eda e Hidrolog\u00eda (Inamhi) hasta el 24 de abril. Las precipitaciones m\u00e1s intensas se esperan en el Callej\u00f3n Interandino, as\u00ed como en el norte del Litoral y la Amazon\u00eda, seg\u00fan consta en la Alerta Meteorol\u00f3gica No.\u00a024.<\/p>\n","protected":false},"author":1,"featured_media":18760,"comment_status":"open","ping_status":"open","sticky":false,"template":"","format":"standard","meta":{"footnotes":""},"categories":[19],"tags":[23],"class_list":["post-18759","post","type-post","status-publish","format-standard","has-post-thumbnail","hentry","category-portada-1","tag-ecuador"],"_links":{"self":[{"href":"https:\/\/elmercuriomanta.ec\/index.php\/wp-json\/wp\/v2\/posts\/18759","targetHints":{"allow":["GET"]}}],"collection":[{"href":"https:\/\/elmercuriomanta.ec\/index.php\/wp-json\/wp\/v2\/posts"}],"about":[{"href":"https:\/\/elmercuriomanta.ec\/index.php\/wp-json\/wp\/v2\/types\/post"}],"author":[{"embeddable":true,"href":"https:\/\/elmercuriomanta.ec\/index.php\/wp-json\/wp\/v2\/users\/1"}],"replies":[{"embeddable":true,"href":"https:\/\/elmercuriomanta.ec\/index.php\/wp-json\/wp\/v2\/comments?post=18759"}],"version-history":[{"count":1,"href":"https:\/\/elmercuriomanta.ec\/index.php\/wp-json\/wp\/v2\/posts\/18759\/revisions"}],"predecessor-version":[{"id":18761,"href":"https:\/\/elmercuriomanta.ec\/index.php\/wp-json\/wp\/v2\/posts\/18759\/revisions\/18761"}],"wp:featuredmedia":[{"embeddable":true,"href":"https:\/\/elmercuriomanta.ec\/index.php\/wp-json\/wp\/v2\/media\/18760"}],"wp:attachment":[{"href":"https:\/\/elmercuriomanta.ec\/index.php\/wp-json\/wp\/v2\/media?parent=18759"}],"wp:term":[{"taxonomy":"category","embeddable":true,"href":"https:\/\/elmercuriomanta.ec\/index.php\/wp-json\/wp\/v2\/categories?post=18759"},{"taxonomy":"post_tag","embeddable":true,"href":"https:\/\/elmercuriomanta.ec\/index.php\/wp-json\/wp\/v2\/tags?post=18759"}],"curies":[{"name":"wp","href":"https:\/\/api.w.org\/{rel}","templated":true}]}}