{"id":1873,"date":"2023-06-28T21:19:29","date_gmt":"2023-06-28T21:19:29","guid":{"rendered":"https:\/\/elmercuriomanta.ec\/?p=1873"},"modified":"2023-07-03T15:41:51","modified_gmt":"2023-07-03T15:41:51","slug":"inseguridad-y-contaminacion-las-principales-necesidades-del-barrio-divino-nino","status":"publish","type":"post","link":"https:\/\/elmercuriomanta.ec\/index.php\/2023\/06\/28\/inseguridad-y-contaminacion-las-principales-necesidades-del-barrio-divino-nino\/","title":{"rendered":"Inseguridad y contaminaci\u00f3n las principales necesidades del barrio Divino Ni\u00f1o"},"content":{"rendered":"\n<figure class=\"wp-block-image aligncenter size-large\"><img fetchpriority=\"high\" decoding=\"async\" width=\"1024\" height=\"1024\" src=\"https:\/\/elmercuriomanta.ec\/wp-content\/uploads\/2023\/06\/image-174-1024x1024.png\" alt=\"\" class=\"wp-image-1874\" srcset=\"https:\/\/elmercuriomanta.ec\/wp-content\/uploads\/2023\/06\/image-174-1024x1024.png 1024w, https:\/\/elmercuriomanta.ec\/wp-content\/uploads\/2023\/06\/image-174-300x300.png 300w, https:\/\/elmercuriomanta.ec\/wp-content\/uploads\/2023\/06\/image-174-150x150.png 150w, https:\/\/elmercuriomanta.ec\/wp-content\/uploads\/2023\/06\/image-174-768x768.png 768w, https:\/\/elmercuriomanta.ec\/wp-content\/uploads\/2023\/06\/image-174-1536x1536.png 1536w, https:\/\/elmercuriomanta.ec\/wp-content\/uploads\/2023\/06\/image-174.png 1600w\" sizes=\"(max-width: 1024px) 100vw, 1024px\" \/><\/figure>\n\n\n\n<p>El barrio Divino Ni\u00f1o se encuentra ubicado en la zona urbana de la ciudad y pertenece a la parroquia Los Esteros, este sector limita con alrededor de siete barrios. Por varios a\u00f1os ha sufrido constantemente por la contaminaci\u00f3n que \u00abasfixia\u00bb a los habitantes.<\/p>\n\n\n\n<p>Seg\u00fan coment\u00f3 el presidente Hern\u00e1n Villafuerte, el r\u00edo Muerto es uno de los principales focos de contaminaci\u00f3n del barrio, este r\u00edo deber\u00eda tener agua solo en temporada invernal, pero en la actualidad su cauce se encuentra lleno de aguas residuales que provienen de f\u00e1bricas ubicadas en Montecristi.<\/p>\n\n\n\n<p>Otra de las necesidades que presenta el sector es la falta de \u00e1reas verdes, el presidente pidi\u00f3 a la Alcald\u00eda se construya un parque para la recreaci\u00f3n de los ni\u00f1os y moradores. \u00abEso es lo que estamos buscando que esta administraci\u00f3n ayude por lo menos con \u00e1rea verde\u00bb expres\u00f3 Villafuerte. El barrio cuenta con dos terrenos que est\u00e1n llenos de malezas.<\/p>\n\n\n\n<p>Adem\u00e1s, el comit\u00e9 barrial tiene a disposici\u00f3n una infraestructura en la que anteriormente funcionaba la escuela Jaime Coello Izquierdo, el presidente coment\u00f3 que esperan adecuar el lugar como albergue, a pesar de tener respuestas positivas por parte del Municipio de Manta, ya que a\u00fan no se concreta el proyecto.<\/p>\n\n\n\n<p><strong>M\u00e1s necesidades<\/strong> <strong>en El Divino Ni\u00f1o<\/strong><\/p>\n\n\n\n<p>Debido a la falta de rutas de transporte urbano en el sector, los ciudadanos deben caminar en busca de otro bus que los lleve a su lugar de destino, lo cual los expone a robos que son recurrentes en la zona. El presidente pide ampliar las rutas, solo la l\u00ednea 9 ingresa al barrio.<\/p>\n\n\n\n<p>Otro de los requerimientos del sector es el alumbrado p\u00fablico, el presidente manifest\u00f3 que tienen una calle aleda\u00f1a al r\u00edo Muerto que no cuenta con postes. <\/p>\n\n\n\n<p>La inseguridad los est\u00e1 afectando y por eso viven atemorizados, debido a esto ya no pueden recrearse como lo hac\u00edan antes. A pesar de hacer pedidos para rondas de patrullaje son v\u00edctimas de los due\u00f1os de lo ajeno.<\/p>\n\n\n\n<figure class=\"wp-block-video\"><video height=\"848\" style=\"aspect-ratio: 480 \/ 848;\" width=\"480\" controls src=\"https:\/\/elmercuriomanta.ec\/wp-content\/uploads\/2023\/06\/WhatsApp-Video-2023-06-28-at-16.11.26.mp4\"><\/video><\/figure>\n","protected":false},"excerpt":{"rendered":"<p>El barrio Divino Ni\u00f1o se encuentra ubicado en la zona urbana de la ciudad y pertenece a la parroquia Los Esteros, este sector limita con alrededor de siete barrios. Por varios a\u00f1os ha sufrido constantemente por la contaminaci\u00f3n que \u00abasfixia\u00bb a los habitantes. Seg\u00fan coment\u00f3 el presidente Hern\u00e1n Villafuerte, el r\u00edo Muerto es uno de [&hellip;]<\/p>\n","protected":false},"author":12,"featured_media":1874,"comment_status":"open","ping_status":"open","sticky":false,"template":"","format":"standard","meta":{"footnotes":""},"categories":[21,19],"tags":[87,86],"class_list":["post-1873","post","type-post","status-publish","format-standard","has-post-thumbnail","hentry","category-noticia-del-dia","category-portada-1","tag-el-mercurio-en-los-barrios","tag-en-tu-barrio"],"_links":{"self":[{"href":"https:\/\/elmercuriomanta.ec\/index.php\/wp-json\/wp\/v2\/posts\/1873","targetHints":{"allow":["GET"]}}],"collection":[{"href":"https:\/\/elmercuriomanta.ec\/index.php\/wp-json\/wp\/v2\/posts"}],"about":[{"href":"https:\/\/elmercuriomanta.ec\/index.php\/wp-json\/wp\/v2\/types\/post"}],"author":[{"embeddable":true,"href":"https:\/\/elmercuriomanta.ec\/index.php\/wp-json\/wp\/v2\/users\/12"}],"replies":[{"embeddable":true,"href":"https:\/\/elmercuriomanta.ec\/index.php\/wp-json\/wp\/v2\/comments?post=1873"}],"version-history":[{"count":0,"href":"https:\/\/elmercuriomanta.ec\/index.php\/wp-json\/wp\/v2\/posts\/1873\/revisions"}],"wp:featuredmedia":[{"embeddable":true,"href":"https:\/\/elmercuriomanta.ec\/index.php\/wp-json\/wp\/v2\/media\/1874"}],"wp:attachment":[{"href":"https:\/\/elmercuriomanta.ec\/index.php\/wp-json\/wp\/v2\/media?parent=1873"}],"wp:term":[{"taxonomy":"category","embeddable":true,"href":"https:\/\/elmercuriomanta.ec\/index.php\/wp-json\/wp\/v2\/categories?post=1873"},{"taxonomy":"post_tag","embeddable":true,"href":"https:\/\/elmercuriomanta.ec\/index.php\/wp-json\/wp\/v2\/tags?post=1873"}],"curies":[{"name":"wp","href":"https:\/\/api.w.org\/{rel}","templated":true}]}}