{"id":18604,"date":"2024-04-19T14:35:48","date_gmt":"2024-04-19T19:35:48","guid":{"rendered":"https:\/\/elmercuriomanta.ec\/?p=18604"},"modified":"2024-04-19T14:35:50","modified_gmt":"2024-04-19T19:35:50","slug":"la-salida-facil-de-suspender-clases-afecta-a-45-millones-de-estudiante","status":"publish","type":"post","link":"https:\/\/elmercuriomanta.ec\/index.php\/2024\/04\/19\/la-salida-facil-de-suspender-clases-afecta-a-45-millones-de-estudiante\/","title":{"rendered":"La Salida F\u00e1cil de Suspender Clases Afecta a 4,5 millones de Estudiante"},"content":{"rendered":"\n<figure class=\"wp-block-image aligncenter size-large is-resized\"><img fetchpriority=\"high\" decoding=\"async\" width=\"1024\" height=\"683\" src=\"https:\/\/elmercuriomanta.ec\/wp-content\/uploads\/2024\/04\/image-212-1024x683.png\" alt=\"\" class=\"wp-image-18609\" style=\"width:412px;height:auto\" srcset=\"https:\/\/elmercuriomanta.ec\/wp-content\/uploads\/2024\/04\/image-212-1024x683.png 1024w, https:\/\/elmercuriomanta.ec\/wp-content\/uploads\/2024\/04\/image-212-300x200.png 300w, https:\/\/elmercuriomanta.ec\/wp-content\/uploads\/2024\/04\/image-212-768x512.png 768w, https:\/\/elmercuriomanta.ec\/wp-content\/uploads\/2024\/04\/image-212-1536x1024.png 1536w, https:\/\/elmercuriomanta.ec\/wp-content\/uploads\/2024\/04\/image-212-2048x1366.png 2048w\" sizes=\"(max-width: 1024px) 100vw, 1024px\" \/><\/figure>\n\n\n\n<p>\u00bfCu\u00e1ndo debe cerrarse una escuela? La Organizaci\u00f3n Mundial de la Salud (OMS) y Unicef indican que eso solo debe pasar en casos extremos. Y en esos casos, solo como medida temporal de \u00faltimo recurso. \u201cEst\u00e1 claro: los gobiernos deben priorizar el apoyo a las escuelas (\u2026) El futuro de la pr\u00f3xima generaci\u00f3n depende de ello\u201d, destaca Unicef. Pese a eso, entre el 18 y 19 de abril, en Ecuador 4,5 millones de estudiantes no asisten a las aulas debido a la crisis energ\u00e9tica que hizo que el Gobierno decrete la no jornada laboral en los servidores p\u00fablicos. Previo al decreto presidencial se hab\u00eda anunciado que los apagones no afectar\u00edan a hospitales e instituciones educativas.<\/p>\n\n\n\n<p>Pero, el Ministerio de Educaci\u00f3n explic\u00f3 que los ni\u00f1os y adolescentes perder\u00edan dos d\u00edas de clases porque \u201cel decreto dispone la suspensi\u00f3n de las jornadas laborales. Los maestros son funcionarios p\u00fablicos, por tanto tambi\u00e9n aplica al sistema educativo\u201d. Esto lo informaron en un canal de contacto con periodistas. \u201cEsto como si no hubiera sido suficiente las clases presenciales perdidas las dos primeras semanas de enero (por el conflicto interno armado)\u201d, se\u00f1ala Karen Proa\u00f1o, psic\u00f3loga educativa. Ella critica la falta de priorizaci\u00f3n \u201cde los ni\u00f1os, en momentos de emergencias\u201d. Y es que durante la pandemia por covid-19 (2020), las instituciones educativas fueron de los \u00faltimos espacios en abrirse. Ecuador prioriz\u00f3, por ejemplo, la apertura de centros comerciales, mientras los ni\u00f1os pasaron m\u00e1s de dos a\u00f1os aprendiendo mediante una computadora, eso, siempre que no pertenecieran al 37% de hogares que no cuenta con internet.<\/p>\n","protected":false},"excerpt":{"rendered":"<p>\u00bfCu\u00e1ndo debe cerrarse una escuela? La Organizaci\u00f3n Mundial de la Salud (OMS) y Unicef indican que eso solo debe pasar en casos extremos. Y en esos casos, solo como medida temporal de \u00faltimo recurso. \u201cEst\u00e1 claro: los gobiernos deben priorizar el apoyo a las escuelas (\u2026) El futuro de la pr\u00f3xima generaci\u00f3n depende de ello\u201d, destaca Unicef. Pese a eso, entre el 18 y 19 de abril, en Ecuador 4,5 millones de estudiantes no asisten a las aulas debido a la crisis energ\u00e9tica que hizo que el Gobierno decrete la no jornada laboral en los servidores p\u00fablicos. Previo al decreto presidencial se hab\u00eda anunciado que los apagones no afectar\u00edan a hospitales e instituciones educativas.<\/p>\n","protected":false},"author":1,"featured_media":18609,"comment_status":"open","ping_status":"open","sticky":false,"template":"","format":"standard","meta":{"footnotes":""},"categories":[83,1],"tags":[23],"class_list":["post-18604","post","type-post","status-publish","format-standard","has-post-thumbnail","hentry","category-sucesos","category-uncategorized","tag-ecuador"],"_links":{"self":[{"href":"https:\/\/elmercuriomanta.ec\/index.php\/wp-json\/wp\/v2\/posts\/18604","targetHints":{"allow":["GET"]}}],"collection":[{"href":"https:\/\/elmercuriomanta.ec\/index.php\/wp-json\/wp\/v2\/posts"}],"about":[{"href":"https:\/\/elmercuriomanta.ec\/index.php\/wp-json\/wp\/v2\/types\/post"}],"author":[{"embeddable":true,"href":"https:\/\/elmercuriomanta.ec\/index.php\/wp-json\/wp\/v2\/users\/1"}],"replies":[{"embeddable":true,"href":"https:\/\/elmercuriomanta.ec\/index.php\/wp-json\/wp\/v2\/comments?post=18604"}],"version-history":[{"count":1,"href":"https:\/\/elmercuriomanta.ec\/index.php\/wp-json\/wp\/v2\/posts\/18604\/revisions"}],"predecessor-version":[{"id":18649,"href":"https:\/\/elmercuriomanta.ec\/index.php\/wp-json\/wp\/v2\/posts\/18604\/revisions\/18649"}],"wp:featuredmedia":[{"embeddable":true,"href":"https:\/\/elmercuriomanta.ec\/index.php\/wp-json\/wp\/v2\/media\/18609"}],"wp:attachment":[{"href":"https:\/\/elmercuriomanta.ec\/index.php\/wp-json\/wp\/v2\/media?parent=18604"}],"wp:term":[{"taxonomy":"category","embeddable":true,"href":"https:\/\/elmercuriomanta.ec\/index.php\/wp-json\/wp\/v2\/categories?post=18604"},{"taxonomy":"post_tag","embeddable":true,"href":"https:\/\/elmercuriomanta.ec\/index.php\/wp-json\/wp\/v2\/tags?post=18604"}],"curies":[{"name":"wp","href":"https:\/\/api.w.org\/{rel}","templated":true}]}}