{"id":18508,"date":"2024-04-17T10:51:03","date_gmt":"2024-04-17T15:51:03","guid":{"rendered":"https:\/\/elmercuriomanta.ec\/?p=18508"},"modified":"2024-04-17T10:51:05","modified_gmt":"2024-04-17T15:51:05","slug":"los-bienes-arqueologicos-del-museo-central-de-manta-estaran-protegidos-contra-sismos","status":"publish","type":"post","link":"https:\/\/elmercuriomanta.ec\/index.php\/2024\/04\/17\/los-bienes-arqueologicos-del-museo-central-de-manta-estaran-protegidos-contra-sismos\/","title":{"rendered":"Los bienes arqueol\u00f3gicos del Museo Central de Manta estar\u00e1n protegidos contra sismos"},"content":{"rendered":"\n<figure class=\"wp-block-image aligncenter size-full is-resized\"><img fetchpriority=\"high\" decoding=\"async\" width=\"650\" height=\"400\" src=\"https:\/\/elmercuriomanta.ec\/wp-content\/uploads\/2024\/04\/image-181.png\" alt=\"\" class=\"wp-image-18509\" style=\"width:445px;height:auto\" srcset=\"https:\/\/elmercuriomanta.ec\/wp-content\/uploads\/2024\/04\/image-181.png 650w, https:\/\/elmercuriomanta.ec\/wp-content\/uploads\/2024\/04\/image-181-300x185.png 300w\" sizes=\"(max-width: 650px) 100vw, 650px\" \/><\/figure>\n\n\n\n<p>Cerca de 48.000 bienes arqueol\u00f3gicos, restos \u00f3seos y objetos paleontol\u00f3gicos, del Museo Centro Cultural Manta y del Parque Jaboncillo est\u00e1n protegidos por 25 vitrinas de exhibici\u00f3n y dos estanter\u00edas m\u00f3viles -con tecnolog\u00eda de aislamiento s\u00edsmico-.&nbsp;<\/p>\n\n\n\n<p>El presidente de la Rep\u00fablica, Daniel Noboa Azin, asisti\u00f3 esta tarde a Manta, en el marco de la en conmemoraci\u00f3n de los ocho a\u00f1os del terremoto en Manab\u00ed, para la entrega oficial del mobiliario moderno donado por la Agencia de Cooperaci\u00f3n Internacional de Jap\u00f3n (JICA). Las vitrinas y estanter\u00edas con aislamiento s\u00edsmico son las primeras en instalarse en el pa\u00eds, lo que constituye un hito para preservar los bienes culturales y arqueol\u00f3gicos.<\/p>\n\n\n\n<p>&nbsp;Esto es parte del proyecto de mejora con equipos de aislamiento s\u00edsmicos para museos de Manab\u00ed, elaborado por el Ministerio de Cultura y Patrimonio, el Instituto Nacional de Patrimonio Cultural y el JICA. Por eso Noboa tambi\u00e9n reiter\u00f3 que asegurar la seguridad f\u00edsica de los bienes patrimoniales asegura que las futuras generaciones puedan conocerlas y valorarlas.&nbsp;<\/p>\n\n\n\n<p>Con ello agradeci\u00f3 al gobierno de Jap\u00f3n y a su agencia de cooperaci\u00f3n internacional. La ministra de Cultura, Romina Mu\u00f1oz, sostuvo que a causa del terremoto muchos bienes invaluables fueron afectados y el ministerio inici\u00f3 un plan de protecci\u00f3n con protocolos de riesgos, planes de mejora para velar por la memoria hist\u00f3rica.&nbsp;<\/p>\n\n\n\n<p>Para Junichi Minura, representante de JICA, es conmemorativo este acto ya que el proyecto pretende mejorar la exposici\u00f3n del Museo Centro Cultural Manta y del Parque Jaboncillo para adecuada conservaci\u00f3n de bienes patrimoniales. Se cont\u00f3 con el apoyo de expertos japoneses y que trabajaron en conjunto con el gobierno ecuatoriano.&nbsp;<\/p>\n\n\n\n<p>Mientras que el embajador de Jap\u00f3n, Keichiro Morishita, reiter\u00f3 que este apoyo del gobierno japon\u00e9s ubica a Ecuador en el campo de la prevenci\u00f3n de desastres, incluyendo la protecci\u00f3n de bienes patrimoniales, arqueol\u00f3gicos y restos \u00f3seos.&nbsp;<\/p>\n","protected":false},"excerpt":{"rendered":"<p>Cerca de 48.000 bienes arqueol\u00f3gicos, restos \u00f3seos y objetos paleontol\u00f3gicos, del Museo Centro Cultural Manta y del Parque Jaboncillo est\u00e1n protegidos por 25 vitrinas de exhibici\u00f3n y dos estanter\u00edas m\u00f3viles -con tecnolog\u00eda de aislamiento s\u00edsmico-.\u00a0<\/p>\n","protected":false},"author":1,"featured_media":18509,"comment_status":"open","ping_status":"open","sticky":false,"template":"","format":"standard","meta":{"footnotes":""},"categories":[19],"tags":[23,29,38],"class_list":["post-18508","post","type-post","status-publish","format-standard","has-post-thumbnail","hentry","category-portada-1","tag-ecuador","tag-manabi","tag-manta"],"_links":{"self":[{"href":"https:\/\/elmercuriomanta.ec\/index.php\/wp-json\/wp\/v2\/posts\/18508","targetHints":{"allow":["GET"]}}],"collection":[{"href":"https:\/\/elmercuriomanta.ec\/index.php\/wp-json\/wp\/v2\/posts"}],"about":[{"href":"https:\/\/elmercuriomanta.ec\/index.php\/wp-json\/wp\/v2\/types\/post"}],"author":[{"embeddable":true,"href":"https:\/\/elmercuriomanta.ec\/index.php\/wp-json\/wp\/v2\/users\/1"}],"replies":[{"embeddable":true,"href":"https:\/\/elmercuriomanta.ec\/index.php\/wp-json\/wp\/v2\/comments?post=18508"}],"version-history":[{"count":1,"href":"https:\/\/elmercuriomanta.ec\/index.php\/wp-json\/wp\/v2\/posts\/18508\/revisions"}],"predecessor-version":[{"id":18510,"href":"https:\/\/elmercuriomanta.ec\/index.php\/wp-json\/wp\/v2\/posts\/18508\/revisions\/18510"}],"wp:featuredmedia":[{"embeddable":true,"href":"https:\/\/elmercuriomanta.ec\/index.php\/wp-json\/wp\/v2\/media\/18509"}],"wp:attachment":[{"href":"https:\/\/elmercuriomanta.ec\/index.php\/wp-json\/wp\/v2\/media?parent=18508"}],"wp:term":[{"taxonomy":"category","embeddable":true,"href":"https:\/\/elmercuriomanta.ec\/index.php\/wp-json\/wp\/v2\/categories?post=18508"},{"taxonomy":"post_tag","embeddable":true,"href":"https:\/\/elmercuriomanta.ec\/index.php\/wp-json\/wp\/v2\/tags?post=18508"}],"curies":[{"name":"wp","href":"https:\/\/api.w.org\/{rel}","templated":true}]}}