{"id":18331,"date":"2024-04-13T11:58:22","date_gmt":"2024-04-13T16:58:22","guid":{"rendered":"https:\/\/elmercuriomanta.ec\/?p=18331"},"modified":"2024-04-13T11:58:24","modified_gmt":"2024-04-13T16:58:24","slug":"los-datos-desconocidos-de-la-masacre-en-chambers-y-gallegos-lara","status":"publish","type":"post","link":"https:\/\/elmercuriomanta.ec\/index.php\/2024\/04\/13\/los-datos-desconocidos-de-la-masacre-en-chambers-y-gallegos-lara\/","title":{"rendered":"Los datos desconocidos de la masacre en Chambers y Gallegos Lara"},"content":{"rendered":"\n<figure class=\"wp-block-image aligncenter size-large is-resized\"><img fetchpriority=\"high\" decoding=\"async\" width=\"1024\" height=\"616\" src=\"https:\/\/elmercuriomanta.ec\/wp-content\/uploads\/2024\/04\/image-141-1024x616.png\" alt=\"\" class=\"wp-image-18332\" style=\"width:472px;height:auto\" srcset=\"https:\/\/elmercuriomanta.ec\/wp-content\/uploads\/2024\/04\/image-141-1024x616.png 1024w, https:\/\/elmercuriomanta.ec\/wp-content\/uploads\/2024\/04\/image-141-300x181.png 300w, https:\/\/elmercuriomanta.ec\/wp-content\/uploads\/2024\/04\/image-141-768x462.png 768w, https:\/\/elmercuriomanta.ec\/wp-content\/uploads\/2024\/04\/image-141.png 1170w\" sizes=\"(max-width: 1024px) 100vw, 1024px\" \/><\/figure>\n\n\n\n<p>Alias Sami, un presunto delincuente miembro de una organizaci\u00f3n criminal, habr\u00eda sido el \u2018blanco\u2019 de los sicarios que perpetraron la matanza, ocurrida la noche de este jueves 11 de abril en las calles Pedro Robles Chambers y Gallegos Lara (suroeste de Guayaquil) y para la cual utilizaron un arma de fuego calibre 9 mil\u00edmetros. En el lugar se hallaron 18 indicios bal\u00edsticos, de acuerdo con informaci\u00f3n de una fuente de la Polic\u00eda. \u201cEste individuo al que quer\u00edan matar es un sicario, ya lo ten\u00edan en la mira. Seg\u00fan testigos, \u00e9l estuvo con los fallecidos minutos antes de que llegaran a disparar. No est\u00e1 entre las v\u00edctimas. No todos los fallecidos son v\u00edctimas colaterales, presentaban m\u00faltiples heridas de proyectil en la cabeza y en otras partes del cuerpo.<\/p>\n\n\n\n<p>Es decir, tambi\u00e9n llegaron a matarlos. Incluso, dos de los fallecidos registran antecedentes penales\u201d, explic\u00f3 el investigador. La ma\u00f1ana de ayer agentes de la Direcci\u00f3n Nacional de Delitos Contra la Vida y Muertes Violentas ejecutaron varios allanamientos en el sur de la urbe porte\u00f1a para dar con los responsables de esta matanza, con la cual la Zona 8 (conformada por Guayaquil, Dur\u00e1n y Samborond\u00f3n) sum\u00f3 553 asesinatos, 125 menos que en 2023 en el mismo per\u00edodo. En la cooperativa Independencia 2 de la isla Trinitaria, fue encontrado el veh\u00edculo Chevrolet Spark utilizado por los matones para cometer este hecho de sangre que cobr\u00f3 la vida de Bryan Ariel Mazzini Garc\u00eda, de 30 a\u00f1os, Jese Alexander D\u00e1vila Guti\u00e9rrez (28), Jos\u00e9 Luis Rodr\u00edguez Angulo (59), un menor de edad (16) y un ciudadano que a\u00fan no ha sido identificado.<\/p>\n","protected":false},"excerpt":{"rendered":"<p>Alias Sami, un presunto delincuente miembro de una organizaci\u00f3n criminal, habr\u00eda sido el \u2018blanco\u2019 de los sicarios que perpetraron la matanza, ocurrida la noche de este jueves 11 de abril en las calles Pedro Robles Chambers y Gallegos Lara (suroeste de Guayaquil) y para la cual utilizaron un arma de fuego calibre 9 mil\u00edmetros. En el lugar se hallaron 18 indicios bal\u00edsticos, de acuerdo con informaci\u00f3n de una fuente de la Polic\u00eda. \u201cEste individuo al que quer\u00edan matar es un sicario, ya lo ten\u00edan en la mira. Seg\u00fan testigos, \u00e9l estuvo con los fallecidos minutos antes de que llegaran a disparar. No est\u00e1 entre las v\u00edctimas. No todos los fallecidos son v\u00edctimas colaterales, presentaban m\u00faltiples heridas de proyectil en la cabeza y en otras partes del cuerpo.<\/p>\n<p>Es decir, tambi\u00e9n llegaron a matarlos. Incluso, dos de los fallecidos registran antecedentes penales\u201d, explic\u00f3 el investigador. La ma\u00f1ana de ayer agentes de la Direcci\u00f3n Nacional de Delitos Contra la Vida y Muertes Violentas ejecutaron varios allanamientos en el sur de la urbe porte\u00f1a para dar con los responsables de esta matanza, con la cual la Zona 8 (conformada por Guayaquil, Dur\u00e1n y Samborond\u00f3n) sum\u00f3 553 asesinatos, 125 menos que en 2023 en el mismo per\u00edodo. En la cooperativa Independencia 2 de la isla Trinitaria, fue encontrado el veh\u00edculo Chevrolet Spark utilizado por los matones para cometer este hecho de sangre que cobr\u00f3 la vida de Bryan Ariel Mazzini Garc\u00eda, de 30 a\u00f1os, Jese Alexander D\u00e1vila Guti\u00e9rrez (28), Jos\u00e9 Luis Rodr\u00edguez Angulo (59), un menor de edad (16) y un ciudadano que a\u00fan no ha sido identificado.<\/p>\n","protected":false},"author":1,"featured_media":18332,"comment_status":"open","ping_status":"open","sticky":false,"template":"","format":"standard","meta":{"footnotes":""},"categories":[16],"tags":[],"class_list":["post-18331","post","type-post","status-publish","format-standard","has-post-thumbnail","hentry","category-cronica"],"_links":{"self":[{"href":"https:\/\/elmercuriomanta.ec\/index.php\/wp-json\/wp\/v2\/posts\/18331","targetHints":{"allow":["GET"]}}],"collection":[{"href":"https:\/\/elmercuriomanta.ec\/index.php\/wp-json\/wp\/v2\/posts"}],"about":[{"href":"https:\/\/elmercuriomanta.ec\/index.php\/wp-json\/wp\/v2\/types\/post"}],"author":[{"embeddable":true,"href":"https:\/\/elmercuriomanta.ec\/index.php\/wp-json\/wp\/v2\/users\/1"}],"replies":[{"embeddable":true,"href":"https:\/\/elmercuriomanta.ec\/index.php\/wp-json\/wp\/v2\/comments?post=18331"}],"version-history":[{"count":1,"href":"https:\/\/elmercuriomanta.ec\/index.php\/wp-json\/wp\/v2\/posts\/18331\/revisions"}],"predecessor-version":[{"id":18333,"href":"https:\/\/elmercuriomanta.ec\/index.php\/wp-json\/wp\/v2\/posts\/18331\/revisions\/18333"}],"wp:featuredmedia":[{"embeddable":true,"href":"https:\/\/elmercuriomanta.ec\/index.php\/wp-json\/wp\/v2\/media\/18332"}],"wp:attachment":[{"href":"https:\/\/elmercuriomanta.ec\/index.php\/wp-json\/wp\/v2\/media?parent=18331"}],"wp:term":[{"taxonomy":"category","embeddable":true,"href":"https:\/\/elmercuriomanta.ec\/index.php\/wp-json\/wp\/v2\/categories?post=18331"},{"taxonomy":"post_tag","embeddable":true,"href":"https:\/\/elmercuriomanta.ec\/index.php\/wp-json\/wp\/v2\/tags?post=18331"}],"curies":[{"name":"wp","href":"https:\/\/api.w.org\/{rel}","templated":true}]}}