{"id":18099,"date":"2024-04-09T12:45:39","date_gmt":"2024-04-09T17:45:39","guid":{"rendered":"https:\/\/elmercuriomanta.ec\/?p=18099"},"modified":"2024-04-09T12:45:43","modified_gmt":"2024-04-09T17:45:43","slug":"el-snai-dice-que-jorge-glas-esta-estable","status":"publish","type":"post","link":"https:\/\/elmercuriomanta.ec\/index.php\/2024\/04\/09\/el-snai-dice-que-jorge-glas-esta-estable\/","title":{"rendered":"El SNAI dice que Jorge Glas est\u00e1 estable"},"content":{"rendered":"\n<figure class=\"wp-block-image aligncenter size-full is-resized\"><img fetchpriority=\"high\" decoding=\"async\" width=\"825\" height=\"600\" src=\"https:\/\/elmercuriomanta.ec\/wp-content\/uploads\/2024\/04\/image-104.png\" alt=\"\" class=\"wp-image-18101\" style=\"width:369px;height:auto\" srcset=\"https:\/\/elmercuriomanta.ec\/wp-content\/uploads\/2024\/04\/image-104.png 825w, https:\/\/elmercuriomanta.ec\/wp-content\/uploads\/2024\/04\/image-104-300x218.png 300w, https:\/\/elmercuriomanta.ec\/wp-content\/uploads\/2024\/04\/image-104-768x559.png 768w\" sizes=\"(max-width: 825px) 100vw, 825px\" \/><\/figure>\n\n\n\n<p>El exvicepresidente Jorge Glas fue trasladado al Hospital Militar, este 8 de abril de 2024, y posteriormente al Hospital Naval, en Guayaquil. Se encontraba cumpliendo prisi\u00f3n en la c\u00e1rcel de La Roca, desde el pasado s\u00e1bado 6 de abril de 2024. A las 17:20, el Servicio Nacional de Atenci\u00f3n Integral a Personas Privadas de la Libertad (SNAI) confirm\u00f3 que Glas est\u00e1 estable y que su descompensaci\u00f3n fue por no alimentarse en las \u00faltimas 24 horas.<\/p>\n\n\n\n<p>&nbsp;Ecuavisa.com pudo conocer que lleg\u00f3 a la casa de salud Naval, en el sur de la ciudad, alrededor de medio d\u00eda. Fuentes cercanas al exvicepresidente aseguran que no pudieron tener detalles del estado de Glas. Lo mismo expres\u00f3 el abogado del exvicepresidente, Vinicio Tapia. Mediante un comunicado, el abogado Andr\u00e9s Villegas cont\u00f3 que acudi\u00f3 a la c\u00e1rcel La Roca a las 13:30 y que no le dejaron pasar los filtros de seguridad.&nbsp;<\/p>\n\n\n\n<p>Luego, el director de la prisi\u00f3n le habr\u00eda informado que no encontraron a Glas cuando se hizo el registro y que, al acudir a su celda, lo vieron sin despertar. El doctor Villegas dice que la informaci\u00f3n que recibi\u00f3 es que Glas no quiso ingerir alimentos durante todo el domingo y que tom\u00f3 una sobredosis de medicina para dormir. Por otro lado, fuentes del Hospital Naval se\u00f1alaron a Televistazo que cerca de las seis de la tarde Glas estaba estable y hab\u00eda presentado una sobredosis de Quetiepina, un antidepresivo.<\/p>\n\n\n\n<p>&nbsp;El expresidente, Rafael Correa, mostr\u00f3 su preocupaci\u00f3n en redes sociales: \u201cEra lo que tem\u00eda. Los canallas saltar\u00e1n de alegr\u00eda \u00a1Fuerza, Jorge!\u201d.<\/p>\n","protected":false},"excerpt":{"rendered":"<p>El exvicepresidente Jorge Glas fue trasladado al Hospital Militar, este 8 de abril de 2024, y posteriormente al Hospital Naval, en Guayaquil. Se encontraba cumpliendo prisi\u00f3n en la c\u00e1rcel de La Roca, desde el pasado s\u00e1bado 6 de abril de 2024. A las 17:20, el Servicio Nacional de Atenci\u00f3n Integral a Personas Privadas de la Libertad (SNAI) confirm\u00f3 que Glas est\u00e1 estable y que su descompensaci\u00f3n fue por no alimentarse en las \u00faltimas 24 horas.<\/p>\n","protected":false},"author":1,"featured_media":18101,"comment_status":"open","ping_status":"open","sticky":false,"template":"","format":"standard","meta":{"footnotes":""},"categories":[16],"tags":[23],"class_list":["post-18099","post","type-post","status-publish","format-standard","has-post-thumbnail","hentry","category-cronica","tag-ecuador"],"_links":{"self":[{"href":"https:\/\/elmercuriomanta.ec\/index.php\/wp-json\/wp\/v2\/posts\/18099","targetHints":{"allow":["GET"]}}],"collection":[{"href":"https:\/\/elmercuriomanta.ec\/index.php\/wp-json\/wp\/v2\/posts"}],"about":[{"href":"https:\/\/elmercuriomanta.ec\/index.php\/wp-json\/wp\/v2\/types\/post"}],"author":[{"embeddable":true,"href":"https:\/\/elmercuriomanta.ec\/index.php\/wp-json\/wp\/v2\/users\/1"}],"replies":[{"embeddable":true,"href":"https:\/\/elmercuriomanta.ec\/index.php\/wp-json\/wp\/v2\/comments?post=18099"}],"version-history":[{"count":1,"href":"https:\/\/elmercuriomanta.ec\/index.php\/wp-json\/wp\/v2\/posts\/18099\/revisions"}],"predecessor-version":[{"id":18102,"href":"https:\/\/elmercuriomanta.ec\/index.php\/wp-json\/wp\/v2\/posts\/18099\/revisions\/18102"}],"wp:featuredmedia":[{"embeddable":true,"href":"https:\/\/elmercuriomanta.ec\/index.php\/wp-json\/wp\/v2\/media\/18101"}],"wp:attachment":[{"href":"https:\/\/elmercuriomanta.ec\/index.php\/wp-json\/wp\/v2\/media?parent=18099"}],"wp:term":[{"taxonomy":"category","embeddable":true,"href":"https:\/\/elmercuriomanta.ec\/index.php\/wp-json\/wp\/v2\/categories?post=18099"},{"taxonomy":"post_tag","embeddable":true,"href":"https:\/\/elmercuriomanta.ec\/index.php\/wp-json\/wp\/v2\/tags?post=18099"}],"curies":[{"name":"wp","href":"https:\/\/api.w.org\/{rel}","templated":true}]}}