{"id":17948,"date":"2024-04-06T11:42:57","date_gmt":"2024-04-06T16:42:57","guid":{"rendered":"https:\/\/elmercuriomanta.ec\/?p=17948"},"modified":"2024-04-06T11:42:59","modified_gmt":"2024-04-06T16:42:59","slug":"nueva-fuerza-de-tarea-conjunta-se-instala-en-manta","status":"publish","type":"post","link":"https:\/\/elmercuriomanta.ec\/index.php\/2024\/04\/06\/nueva-fuerza-de-tarea-conjunta-se-instala-en-manta\/","title":{"rendered":"Nueva Fuerza de Tarea Conjunta se instala en Manta"},"content":{"rendered":"\n<figure class=\"wp-block-image aligncenter size-large is-resized\"><img fetchpriority=\"high\" decoding=\"async\" width=\"1024\" height=\"691\" src=\"https:\/\/elmercuriomanta.ec\/wp-content\/uploads\/2024\/04\/image-59-1024x691.png\" alt=\"\" class=\"wp-image-17949\" style=\"width:406px;height:auto\" srcset=\"https:\/\/elmercuriomanta.ec\/wp-content\/uploads\/2024\/04\/image-59-1024x691.png 1024w, https:\/\/elmercuriomanta.ec\/wp-content\/uploads\/2024\/04\/image-59-300x203.png 300w, https:\/\/elmercuriomanta.ec\/wp-content\/uploads\/2024\/04\/image-59-768x518.png 768w, https:\/\/elmercuriomanta.ec\/wp-content\/uploads\/2024\/04\/image-59.png 1200w\" sizes=\"(max-width: 1024px) 100vw, 1024px\" \/><\/figure>\n\n\n\n<p>En la provincia de Manab\u00ed opera desde el 5 de abril del 2024 una nueva Fuerza de Tarea Conjunta para combatir al terrorismo. Esta nueva fuerza opera directamente desde Manta. La finalidad de este proyecto es reducir los \u00edndices de delincuencia, golpear la econom\u00eda de las estructuras delictivas, capturar y neutralizar a los integrantes de las organizaciones terroristas. Los operativos comenzaron la madrugada de este 5 de abril en Manta, con la finalidad de devolver la paz y el orden en la ciudad. Las intervenciones fueron supervisadas por el ministro de Defensa Nacional, Gian Carlo Loffredo.<\/p>\n\n\n\n<p>Por medio de las labores de la inteligencia militar, se identificaron varios puntos conflictivos en la ciudad y se captur\u00f3 a varias personas en los operativos, se confiscaron municiones y armas de grueso calibre. El ministro Loffredo se reuni\u00f3 con los comandantes y el personal militar para evaluar las acciones estrat\u00e9gicas y se\u00f1al\u00f3 que las operaciones se van a seguir intensificando en esta provincia en todo el Ecuador. Seg\u00fan El Tel\u00e9grafo, la Fuerza de Tarea Conjunta \u00abManab\u00ed\u00ab, est\u00e1 activa y operar\u00e1 en el territorio de toda la provincia frente a las amenazas a la seguridad y a la paz.<\/p>\n","protected":false},"excerpt":{"rendered":"<p>En la provincia de Manab\u00ed opera desde el 5 de abril del 2024 una nueva Fuerza de Tarea Conjunta para combatir al terrorismo. Esta nueva fuerza opera directamente desde Manta. La finalidad de este proyecto es reducir los \u00edndices de delincuencia, golpear la econom\u00eda de las estructuras delictivas, capturar y neutralizar a los integrantes de las organizaciones terroristas. Los operativos comenzaron la madrugada de este 5 de abril en Manta, con la finalidad de devolver la paz y el orden en la ciudad. Las intervenciones fueron supervisadas por el ministro de Defensa Nacional, Gian Carlo Loffredo.<\/p>\n<p>Por medio de las labores de la inteligencia militar, se identificaron varios puntos conflictivos en la ciudad y se captur\u00f3 a varias personas en los operativos, se confiscaron municiones y armas de grueso calibre. El ministro Loffredo se reuni\u00f3 con los comandantes y el personal militar para evaluar las acciones estrat\u00e9gicas y se\u00f1al\u00f3 que las operaciones se van a seguir intensificando en esta provincia en todo el Ecuador. Seg\u00fan El Tel\u00e9grafo, la Fuerza de Tarea Conjunta \u00abManab\u00ed\u00ab, est\u00e1 activa y operar\u00e1 en el territorio de toda la provincia frente a las amenazas a la seguridad y a la paz.<\/p>\n","protected":false},"author":1,"featured_media":17949,"comment_status":"open","ping_status":"open","sticky":false,"template":"","format":"standard","meta":{"footnotes":""},"categories":[19],"tags":[29,38],"class_list":["post-17948","post","type-post","status-publish","format-standard","has-post-thumbnail","hentry","category-portada-1","tag-manabi","tag-manta"],"_links":{"self":[{"href":"https:\/\/elmercuriomanta.ec\/index.php\/wp-json\/wp\/v2\/posts\/17948","targetHints":{"allow":["GET"]}}],"collection":[{"href":"https:\/\/elmercuriomanta.ec\/index.php\/wp-json\/wp\/v2\/posts"}],"about":[{"href":"https:\/\/elmercuriomanta.ec\/index.php\/wp-json\/wp\/v2\/types\/post"}],"author":[{"embeddable":true,"href":"https:\/\/elmercuriomanta.ec\/index.php\/wp-json\/wp\/v2\/users\/1"}],"replies":[{"embeddable":true,"href":"https:\/\/elmercuriomanta.ec\/index.php\/wp-json\/wp\/v2\/comments?post=17948"}],"version-history":[{"count":1,"href":"https:\/\/elmercuriomanta.ec\/index.php\/wp-json\/wp\/v2\/posts\/17948\/revisions"}],"predecessor-version":[{"id":17950,"href":"https:\/\/elmercuriomanta.ec\/index.php\/wp-json\/wp\/v2\/posts\/17948\/revisions\/17950"}],"wp:featuredmedia":[{"embeddable":true,"href":"https:\/\/elmercuriomanta.ec\/index.php\/wp-json\/wp\/v2\/media\/17949"}],"wp:attachment":[{"href":"https:\/\/elmercuriomanta.ec\/index.php\/wp-json\/wp\/v2\/media?parent=17948"}],"wp:term":[{"taxonomy":"category","embeddable":true,"href":"https:\/\/elmercuriomanta.ec\/index.php\/wp-json\/wp\/v2\/categories?post=17948"},{"taxonomy":"post_tag","embeddable":true,"href":"https:\/\/elmercuriomanta.ec\/index.php\/wp-json\/wp\/v2\/tags?post=17948"}],"curies":[{"name":"wp","href":"https:\/\/api.w.org\/{rel}","templated":true}]}}