{"id":17917,"date":"2024-04-05T12:49:03","date_gmt":"2024-04-05T17:49:03","guid":{"rendered":"https:\/\/elmercuriomanta.ec\/?p=17917"},"modified":"2024-04-05T12:49:06","modified_gmt":"2024-04-05T17:49:06","slug":"hombre-baleado-dentro-de-una-camioneta-muere-en-el-miraflores","status":"publish","type":"post","link":"https:\/\/elmercuriomanta.ec\/index.php\/2024\/04\/05\/hombre-baleado-dentro-de-una-camioneta-muere-en-el-miraflores\/","title":{"rendered":"Hombre baleado dentro de una camioneta muere en el Miraflores"},"content":{"rendered":"\n<figure class=\"wp-block-image aligncenter size-large is-resized\"><img fetchpriority=\"high\" decoding=\"async\" width=\"899\" height=\"506\" src=\"https:\/\/elmercuriomanta.ec\/wp-content\/uploads\/2024\/04\/WhatsApp-Image-2024-04-05-at-12.47.41-edited.jpeg\" alt=\"\" class=\"wp-image-17919\" style=\"width:297px;height:auto\" srcset=\"https:\/\/elmercuriomanta.ec\/wp-content\/uploads\/2024\/04\/WhatsApp-Image-2024-04-05-at-12.47.41-edited.jpeg 899w, https:\/\/elmercuriomanta.ec\/wp-content\/uploads\/2024\/04\/WhatsApp-Image-2024-04-05-at-12.47.41-edited-300x169.jpeg 300w, https:\/\/elmercuriomanta.ec\/wp-content\/uploads\/2024\/04\/WhatsApp-Image-2024-04-05-at-12.47.41-edited-768x432.jpeg 768w\" sizes=\"(max-width: 899px) 100vw, 899px\" \/><\/figure>\n\n\n\n<p>Tyron Josu\u00e9 Fern\u00e1ndez V\u00e9lez, de 21 a\u00f1os de edad, fue ultimado a balas cuando estaba al interior de una camioneta Chevrolet color blanco. Los sicarios lo sorprendieron fuera de la vivienda de un familiar.<\/p>\n\n\n\n<p>&nbsp;El hecho se registr\u00f3 aproximadamente a las 15h45 de este jueves 4 de abril en la Calle Venezuela, territorio del barrio Miraflores, en Manta, provincia de Manab\u00ed. El fiscal Alfonso V\u00e9lez inform\u00f3 que los verdugos de Tyron se movilizaban en un autom\u00f3vil y que \u201cuno de ellos descendi\u00f3 y descarg\u00f3 disparos de un fusil. En el sitio se levantaron 13 indicios bal\u00edsticos\u201d. El cad\u00e1ver fue trasladado al Centro Forense de Manta para la necropsia de ley.<\/p>\n","protected":false},"excerpt":{"rendered":"<p>Tyron Josu\u00e9 Fern\u00e1ndez V\u00e9lez, de 21 a\u00f1os de edad, fue ultimado a balas cuando estaba al interior de una camioneta Chevrolet color blanco. Los sicarios lo sorprendieron fuera de la vivienda de un familiar.<\/p>\n","protected":false},"author":1,"featured_media":17919,"comment_status":"open","ping_status":"open","sticky":false,"template":"","format":"standard","meta":{"footnotes":""},"categories":[1],"tags":[23],"class_list":["post-17917","post","type-post","status-publish","format-standard","has-post-thumbnail","hentry","category-uncategorized","tag-ecuador"],"_links":{"self":[{"href":"https:\/\/elmercuriomanta.ec\/index.php\/wp-json\/wp\/v2\/posts\/17917","targetHints":{"allow":["GET"]}}],"collection":[{"href":"https:\/\/elmercuriomanta.ec\/index.php\/wp-json\/wp\/v2\/posts"}],"about":[{"href":"https:\/\/elmercuriomanta.ec\/index.php\/wp-json\/wp\/v2\/types\/post"}],"author":[{"embeddable":true,"href":"https:\/\/elmercuriomanta.ec\/index.php\/wp-json\/wp\/v2\/users\/1"}],"replies":[{"embeddable":true,"href":"https:\/\/elmercuriomanta.ec\/index.php\/wp-json\/wp\/v2\/comments?post=17917"}],"version-history":[{"count":1,"href":"https:\/\/elmercuriomanta.ec\/index.php\/wp-json\/wp\/v2\/posts\/17917\/revisions"}],"predecessor-version":[{"id":17920,"href":"https:\/\/elmercuriomanta.ec\/index.php\/wp-json\/wp\/v2\/posts\/17917\/revisions\/17920"}],"wp:featuredmedia":[{"embeddable":true,"href":"https:\/\/elmercuriomanta.ec\/index.php\/wp-json\/wp\/v2\/media\/17919"}],"wp:attachment":[{"href":"https:\/\/elmercuriomanta.ec\/index.php\/wp-json\/wp\/v2\/media?parent=17917"}],"wp:term":[{"taxonomy":"category","embeddable":true,"href":"https:\/\/elmercuriomanta.ec\/index.php\/wp-json\/wp\/v2\/categories?post=17917"},{"taxonomy":"post_tag","embeddable":true,"href":"https:\/\/elmercuriomanta.ec\/index.php\/wp-json\/wp\/v2\/tags?post=17917"}],"curies":[{"name":"wp","href":"https:\/\/api.w.org\/{rel}","templated":true}]}}