{"id":17878,"date":"2024-04-05T11:45:33","date_gmt":"2024-04-05T16:45:33","guid":{"rendered":"https:\/\/elmercuriomanta.ec\/?p=17878"},"modified":"2024-04-05T11:45:35","modified_gmt":"2024-04-05T16:45:35","slug":"iniciativa-manta-mia-busca-transformar-la-ciudad-centrada-en-las-necesidades-de-los-jovenes","status":"publish","type":"post","link":"https:\/\/elmercuriomanta.ec\/index.php\/2024\/04\/05\/iniciativa-manta-mia-busca-transformar-la-ciudad-centrada-en-las-necesidades-de-los-jovenes\/","title":{"rendered":"Iniciativa \u2018Manta M\u00eda\u2019 busca transformar la ciudad centrada en las necesidades de los j\u00f3venes"},"content":{"rendered":"\n<figure class=\"wp-block-image aligncenter size-full is-resized\"><img fetchpriority=\"high\" decoding=\"async\" width=\"678\" height=\"381\" src=\"https:\/\/elmercuriomanta.ec\/wp-content\/uploads\/2024\/04\/image-44.png\" alt=\"\" class=\"wp-image-17879\" style=\"width:425px;height:auto\" srcset=\"https:\/\/elmercuriomanta.ec\/wp-content\/uploads\/2024\/04\/image-44.png 678w, https:\/\/elmercuriomanta.ec\/wp-content\/uploads\/2024\/04\/image-44-300x169.png 300w\" sizes=\"(max-width: 678px) 100vw, 678px\" \/><\/figure>\n\n\n\n<p>El cant\u00f3n de Manta, provincia de Manab\u00ed, ha sido seleccionado para la ejecuci\u00f3n de la iniciativa \u2018Manta M\u00eda\u2019, en el marco del Programa OurCity de la Fundaci\u00f3n Botnar y ejecutada por el centro de investigaci\u00f3nacci\u00f3n, FARO.&nbsp;<\/p>\n\n\n\n<p>El programa tiene como objetivo principal transformar las ciudades para adaptarse a las necesidades y visiones de los j\u00f3venes de 15 a 24 a\u00f1os, promoviendo la inclusi\u00f3n y el uso de tecnolog\u00edas. \u2018Manta M\u00eda\u2019 forma parte del proyecto global OurCity, que se desarrolla en cinco ciudades alrededor del mundo: Barranquilla en Colombia, Tanga en Tanzania, Koforidua en Ghana, Cluj en Ruman\u00eda y, por supuesto, Manta en Ecuador.<\/p>\n\n\n\n<p>&nbsp;En Manta, seg\u00fan datos del Instituto Nacional de Estad\u00edstica y Censos (INEC), los j\u00f3venes entre 15 y 24 a\u00f1os representan el 18,25% de la poblaci\u00f3n de esta ciudad costera. Tras un riguroso proceso de selecci\u00f3n que dur\u00f3 dos a\u00f1os, la Fundaci\u00f3n Botnar seleccion\u00f3 a Manta entre 27 ciudades intermedias de Ecuador para la implementaci\u00f3n de esta iniciativa.&nbsp;<\/p>\n\n\n\n<p>Este cant\u00f3n fue seleccionado debido al compromiso de las organizaciones juveniles y su potencial para convertirse en una ciudad orientada a la juventud. \u201cBuscamos generar acciones coordinadas que aprovechen la innovaci\u00f3n en todas sus formas para transformar la ciudad en un lugar donde se asegure el bienestar y las oportunidades para los y las j\u00f3venes\u201d, explic\u00f3 Paulina Zambrano, coordinadora del proyecto.&nbsp;<\/p>\n\n\n\n<p>El proyecto \u2018Manta M\u00eda\u2019 tendr\u00e1 una duraci\u00f3n de tres a\u00f1os. La primera fase, que incluye el diagn\u00f3stico de necesidades y la articulaci\u00f3n entre los actores locales, inici\u00f3 en abril de 2023. Esto implica un mapeo de actores y sus relaciones, la construcci\u00f3n de confianza entre los actores locales y el desarrollo de un diagn\u00f3stico participativo.<\/p>\n\n\n\n<p>&nbsp;\u201cQueremos conocer Manta, especialmente desde la perspectiva de los j\u00f3venes. Ahora estamos creando un diagn\u00f3stico para identificar desaf\u00edos y necesidades de las juventudes. Asimismo, a lo largo de este camino, buscamos construir comunidad, ofrecer oportunidades de aprendizaje y fortalecer a quienes ya est\u00e1n trabajando para los j\u00f3venes en Manta\u201d, a\u00f1adi\u00f3 Zambrano.<\/p>\n","protected":false},"excerpt":{"rendered":"<p>El cant\u00f3n de Manta, provincia de Manab\u00ed, ha sido seleccionado para la ejecuci\u00f3n de la iniciativa \u2018Manta M\u00eda\u2019, en el marco del Programa OurCity de la Fundaci\u00f3n Botnar y ejecutada por el centro de investigaci\u00f3nacci\u00f3n, FARO.\u00a0<\/p>\n","protected":false},"author":1,"featured_media":17879,"comment_status":"open","ping_status":"open","sticky":false,"template":"","format":"standard","meta":{"footnotes":""},"categories":[21],"tags":[38],"class_list":["post-17878","post","type-post","status-publish","format-standard","has-post-thumbnail","hentry","category-noticia-del-dia","tag-manta"],"_links":{"self":[{"href":"https:\/\/elmercuriomanta.ec\/index.php\/wp-json\/wp\/v2\/posts\/17878","targetHints":{"allow":["GET"]}}],"collection":[{"href":"https:\/\/elmercuriomanta.ec\/index.php\/wp-json\/wp\/v2\/posts"}],"about":[{"href":"https:\/\/elmercuriomanta.ec\/index.php\/wp-json\/wp\/v2\/types\/post"}],"author":[{"embeddable":true,"href":"https:\/\/elmercuriomanta.ec\/index.php\/wp-json\/wp\/v2\/users\/1"}],"replies":[{"embeddable":true,"href":"https:\/\/elmercuriomanta.ec\/index.php\/wp-json\/wp\/v2\/comments?post=17878"}],"version-history":[{"count":1,"href":"https:\/\/elmercuriomanta.ec\/index.php\/wp-json\/wp\/v2\/posts\/17878\/revisions"}],"predecessor-version":[{"id":17880,"href":"https:\/\/elmercuriomanta.ec\/index.php\/wp-json\/wp\/v2\/posts\/17878\/revisions\/17880"}],"wp:featuredmedia":[{"embeddable":true,"href":"https:\/\/elmercuriomanta.ec\/index.php\/wp-json\/wp\/v2\/media\/17879"}],"wp:attachment":[{"href":"https:\/\/elmercuriomanta.ec\/index.php\/wp-json\/wp\/v2\/media?parent=17878"}],"wp:term":[{"taxonomy":"category","embeddable":true,"href":"https:\/\/elmercuriomanta.ec\/index.php\/wp-json\/wp\/v2\/categories?post=17878"},{"taxonomy":"post_tag","embeddable":true,"href":"https:\/\/elmercuriomanta.ec\/index.php\/wp-json\/wp\/v2\/tags?post=17878"}],"curies":[{"name":"wp","href":"https:\/\/api.w.org\/{rel}","templated":true}]}}