{"id":17780,"date":"2024-04-03T12:52:51","date_gmt":"2024-04-03T17:52:51","guid":{"rendered":"https:\/\/elmercuriomanta.ec\/?p=17780"},"modified":"2024-04-03T17:00:00","modified_gmt":"2024-04-03T22:00:00","slug":"avianca-suspende-sus-vuelos-entre-manta-y-galapagos","status":"publish","type":"post","link":"https:\/\/elmercuriomanta.ec\/index.php\/2024\/04\/03\/avianca-suspende-sus-vuelos-entre-manta-y-galapagos\/","title":{"rendered":"Avianca suspende sus vuelos entre Manta y Gal\u00e1pagos"},"content":{"rendered":"\n<figure class=\"wp-block-image aligncenter size-large is-resized\"><img fetchpriority=\"high\" decoding=\"async\" width=\"450\" height=\"600\" src=\"https:\/\/elmercuriomanta.ec\/wp-content\/uploads\/2024\/04\/image-21-edited.png\" alt=\"\" class=\"wp-image-17809\" style=\"width:308px;height:auto\" srcset=\"https:\/\/elmercuriomanta.ec\/wp-content\/uploads\/2024\/04\/image-21-edited.png 450w, https:\/\/elmercuriomanta.ec\/wp-content\/uploads\/2024\/04\/image-21-edited-225x300.png 225w\" sizes=\"(max-width: 450px) 100vw, 450px\" \/><\/figure>\n\n\n\n<p>A partir del 19 de abril de 2024, la aerol\u00ednea Avianca dejar\u00e1 de operar el vuelo directo entre Manta y Baltra, en las Islas Gal\u00e1pagos, a menos de un a\u00f1o de su inauguraci\u00f3n, confirm\u00f3 la empresa a\u00e9rea a PRIMICIAS.&nbsp;<\/p>\n\n\n\n<p>\u201cEn Avianca estamos constantemente evaluando nuestra red de rutas, para enfocar nuestra capacidad en aquellas que tienen m\u00e1s demanda, por esto, se ha decidido suspender la ruta Manta &#8211; Baltra, Gal\u00e1pagos a partir del 19 de abril de 2024\u201d, explic\u00f3 la aerol\u00ednea en un comunicado. Avianca asegur\u00f3 que los pasajeros con reservas posteriores a esta fecha ser\u00e1n reubicados v\u00eda Quito.&nbsp;<\/p>\n\n\n\n<p>Esta ruta opera desde el 2 de julio de 2023 con dos frecuencias semanales, los mi\u00e9rcoles y domingos, tanto de ida a Gal\u00e1pagos como de retorno al continente, en aviones Airbus A320, con capacidad para 180 pasajeros. El objetivo de esta ruta era fomentar el turismo local e internacional en las dos provincias, seg\u00fan el Ministerio de Transporte y Obras P\u00fablicas.<\/p>\n","protected":false},"excerpt":{"rendered":"<p>A partir del 19 de abril de 2024, la aerol\u00ednea Avianca dejar\u00e1 de operar el vuelo directo entre Manta y Baltra, en las Islas Gal\u00e1pagos, a menos de un a\u00f1o de su inauguraci\u00f3n, confirm\u00f3 la empresa a\u00e9rea a PRIMICIAS.\u00a0<\/p>\n","protected":false},"author":1,"featured_media":17781,"comment_status":"open","ping_status":"open","sticky":false,"template":"","format":"standard","meta":{"footnotes":""},"categories":[20,83],"tags":[23,38],"class_list":["post-17780","post","type-post","status-publish","format-standard","has-post-thumbnail","hentry","category-portada-2","category-sucesos","tag-ecuador","tag-manta"],"_links":{"self":[{"href":"https:\/\/elmercuriomanta.ec\/index.php\/wp-json\/wp\/v2\/posts\/17780","targetHints":{"allow":["GET"]}}],"collection":[{"href":"https:\/\/elmercuriomanta.ec\/index.php\/wp-json\/wp\/v2\/posts"}],"about":[{"href":"https:\/\/elmercuriomanta.ec\/index.php\/wp-json\/wp\/v2\/types\/post"}],"author":[{"embeddable":true,"href":"https:\/\/elmercuriomanta.ec\/index.php\/wp-json\/wp\/v2\/users\/1"}],"replies":[{"embeddable":true,"href":"https:\/\/elmercuriomanta.ec\/index.php\/wp-json\/wp\/v2\/comments?post=17780"}],"version-history":[{"count":2,"href":"https:\/\/elmercuriomanta.ec\/index.php\/wp-json\/wp\/v2\/posts\/17780\/revisions"}],"predecessor-version":[{"id":17810,"href":"https:\/\/elmercuriomanta.ec\/index.php\/wp-json\/wp\/v2\/posts\/17780\/revisions\/17810"}],"wp:featuredmedia":[{"embeddable":true,"href":"https:\/\/elmercuriomanta.ec\/index.php\/wp-json\/wp\/v2\/media\/17781"}],"wp:attachment":[{"href":"https:\/\/elmercuriomanta.ec\/index.php\/wp-json\/wp\/v2\/media?parent=17780"}],"wp:term":[{"taxonomy":"category","embeddable":true,"href":"https:\/\/elmercuriomanta.ec\/index.php\/wp-json\/wp\/v2\/categories?post=17780"},{"taxonomy":"post_tag","embeddable":true,"href":"https:\/\/elmercuriomanta.ec\/index.php\/wp-json\/wp\/v2\/tags?post=17780"}],"curies":[{"name":"wp","href":"https:\/\/api.w.org\/{rel}","templated":true}]}}