{"id":1778,"date":"2023-06-27T16:24:45","date_gmt":"2023-06-27T16:24:45","guid":{"rendered":"https:\/\/elmercuriomanta.ec\/?p=1778"},"modified":"2023-06-27T16:24:45","modified_gmt":"2023-06-27T16:24:45","slug":"enner-valencia-ya-conocio-las-instalaciones-del-inter","status":"publish","type":"post","link":"https:\/\/elmercuriomanta.ec\/index.php\/2023\/06\/27\/enner-valencia-ya-conocio-las-instalaciones-del-inter\/","title":{"rendered":"Enner Valencia ya conoci\u00f3 las instalaciones del Inter"},"content":{"rendered":"\n<figure class=\"wp-block-image aligncenter size-full\"><img fetchpriority=\"high\" decoding=\"async\" width=\"256\" height=\"293\" src=\"https:\/\/elmercuriomanta.ec\/wp-content\/uploads\/2023\/06\/image-159.png\" alt=\"\" class=\"wp-image-1779\" \/><\/figure>\n\n\n\n<p>Como parte de sus primeras horas en el Inter de Porto Alegre, el ecuatoriano Enner Valencia ya se puso a disposici\u00f3n del cuerpo m\u00e9dico de su nuevo club, las primeras horas de la ma\u00f1ana de este lunes. En las instalaciones del cuadro &#8216;bermelho&#8217;, recibieron al delantero tricolor, fue presentado a cada uno de los integrantes de las diferentes \u00e1reas y posteriormente se realiz\u00f3 los chequeos m\u00e9dicos.<\/p>\n\n\n\n<p>La expectativa con la que la afici\u00f3n del cuadro interista lo ha recibido al atacante tricolor es enorme. Este domingo no import\u00f3 la hora de llegada. Decenas de &#8216;torcedores&#8217; se hicieron presentes en el Aeropuerto Internacional Salgado Filho para hacerle sentir el calor de una de las aficiones m\u00e1s numerosas de este sector de Brasil, futbolizado al 100%.<\/p>\n\n\n\n<p>Enner Valencia ser\u00e1 inscrito inmediatamente para que pueda actuar lo m\u00e1s pronto posible en el Brasileirao. El cuadro &#8216;bermelho&#8217; gan\u00f3 su \u00faltimo compromiso del torneo este fin de semana de visitante ante el Am\u00e9rica MG por 2 a 1.<\/p>\n\n\n\n<p>Mientras que de triunfar este mi\u00e9rcoles ante Independiente Medell\u00edn clasificar\u00e1 a octavos de final de Copa Libertadores, torneo al cual Valencia ya podr\u00e1 actuar a partir de esta ronda. Pie de foto. El ecuatoriano Enner Valencia, arrib\u00f3 el domingo en la noche a Brasil y de inmediato ayer ya se puso a disposici\u00f3n del club.<\/p>\n","protected":false},"excerpt":{"rendered":"<p>Como parte de sus primeras horas en el Inter de Porto Alegre, el ecuatoriano Enner Valencia ya se puso a disposici\u00f3n del cuerpo m\u00e9dico de su nuevo club, las primeras horas de la ma\u00f1ana de este lunes. En las instalaciones del cuadro &#8216;bermelho&#8217;, recibieron al delantero tricolor, fue presentado a cada uno de los integrantes [&hellip;]<\/p>\n","protected":false},"author":12,"featured_media":1779,"comment_status":"open","ping_status":"open","sticky":false,"template":"","format":"standard","meta":{"footnotes":""},"categories":[9],"tags":[],"class_list":["post-1778","post","type-post","status-publish","format-standard","has-post-thumbnail","hentry","category-deportes"],"_links":{"self":[{"href":"https:\/\/elmercuriomanta.ec\/index.php\/wp-json\/wp\/v2\/posts\/1778","targetHints":{"allow":["GET"]}}],"collection":[{"href":"https:\/\/elmercuriomanta.ec\/index.php\/wp-json\/wp\/v2\/posts"}],"about":[{"href":"https:\/\/elmercuriomanta.ec\/index.php\/wp-json\/wp\/v2\/types\/post"}],"author":[{"embeddable":true,"href":"https:\/\/elmercuriomanta.ec\/index.php\/wp-json\/wp\/v2\/users\/12"}],"replies":[{"embeddable":true,"href":"https:\/\/elmercuriomanta.ec\/index.php\/wp-json\/wp\/v2\/comments?post=1778"}],"version-history":[{"count":0,"href":"https:\/\/elmercuriomanta.ec\/index.php\/wp-json\/wp\/v2\/posts\/1778\/revisions"}],"wp:featuredmedia":[{"embeddable":true,"href":"https:\/\/elmercuriomanta.ec\/index.php\/wp-json\/wp\/v2\/media\/1779"}],"wp:attachment":[{"href":"https:\/\/elmercuriomanta.ec\/index.php\/wp-json\/wp\/v2\/media?parent=1778"}],"wp:term":[{"taxonomy":"category","embeddable":true,"href":"https:\/\/elmercuriomanta.ec\/index.php\/wp-json\/wp\/v2\/categories?post=1778"},{"taxonomy":"post_tag","embeddable":true,"href":"https:\/\/elmercuriomanta.ec\/index.php\/wp-json\/wp\/v2\/tags?post=1778"}],"curies":[{"name":"wp","href":"https:\/\/api.w.org\/{rel}","templated":true}]}}