{"id":17728,"date":"2024-04-02T10:12:28","date_gmt":"2024-04-02T15:12:28","guid":{"rendered":"https:\/\/elmercuriomanta.ec\/?p=17728"},"modified":"2024-04-02T10:12:30","modified_gmt":"2024-04-02T15:12:30","slug":"dos-muertos-y-varios-heridos-en-una-balacera-en-la-leonidas-proano","status":"publish","type":"post","link":"https:\/\/elmercuriomanta.ec\/index.php\/2024\/04\/02\/dos-muertos-y-varios-heridos-en-una-balacera-en-la-leonidas-proano\/","title":{"rendered":"Dos muertos y varios heridos en una balacera en la Leonidas Proa\u00f1o"},"content":{"rendered":"\n<figure class=\"wp-block-image aligncenter size-large is-resized\"><img fetchpriority=\"high\" decoding=\"async\" width=\"1011\" height=\"1024\" src=\"https:\/\/elmercuriomanta.ec\/wp-content\/uploads\/2024\/04\/image-16-1011x1024.png\" alt=\"\" class=\"wp-image-17729\" style=\"width:319px;height:auto\" srcset=\"https:\/\/elmercuriomanta.ec\/wp-content\/uploads\/2024\/04\/image-16-1011x1024.png 1011w, https:\/\/elmercuriomanta.ec\/wp-content\/uploads\/2024\/04\/image-16-296x300.png 296w, https:\/\/elmercuriomanta.ec\/wp-content\/uploads\/2024\/04\/image-16-768x778.png 768w, https:\/\/elmercuriomanta.ec\/wp-content\/uploads\/2024\/04\/image-16.png 1064w\" sizes=\"(max-width: 1011px) 100vw, 1011px\" \/><\/figure>\n\n\n\n<p>En la parroquia Leonidas Proa\u00f1o de Montecristi, se ha producido un violento ataque armado dirigido hacia un grupo de siete individuos. Seg\u00fan reportes, dos personas perdieron la vida, cuatro resultaron heridas y una sali\u00f3 ilesa. Como Daniel Orly Villegas Le\u00f3n y Luis Alexander Criollo Clavijo, de 28 a\u00f1os de edad y de nacionalidad colombiana, fueron identificadas las v\u00edctimas mortales.<\/p>\n\n\n\n<p>&nbsp;El incidente tuvo lugar cerca del \u00e1rea conocida como La Toma de Agua, en el barrio El Mirador. Las autoridades policiales se encuentran en el lugar de los hechos. Adem\u00e1s, se informa sobre el hallazgo de un veh\u00edculo incinerado en la ciudadela Los Artesanos, en la misma localidad de Montecristi. La situaci\u00f3n est\u00e1 siendo investigada por las autoridades correspondientes.<\/p>\n","protected":false},"excerpt":{"rendered":"<p>En la parroquia Leonidas Proa\u00f1o de Montecristi, se ha producido un violento ataque armado dirigido hacia un grupo de siete individuos. Seg\u00fan reportes, dos personas perdieron la vida, cuatro resultaron heridas y una sali\u00f3 ilesa. Como Daniel Orly Villegas Le\u00f3n y Luis Alexander Criollo Clavijo, de 28 a\u00f1os de edad y de nacionalidad colombiana, fueron identificadas las v\u00edctimas mortales.<\/p>\n","protected":false},"author":1,"featured_media":17729,"comment_status":"open","ping_status":"open","sticky":false,"template":"","format":"standard","meta":{"footnotes":""},"categories":[16],"tags":[23],"class_list":["post-17728","post","type-post","status-publish","format-standard","has-post-thumbnail","hentry","category-cronica","tag-ecuador"],"_links":{"self":[{"href":"https:\/\/elmercuriomanta.ec\/index.php\/wp-json\/wp\/v2\/posts\/17728","targetHints":{"allow":["GET"]}}],"collection":[{"href":"https:\/\/elmercuriomanta.ec\/index.php\/wp-json\/wp\/v2\/posts"}],"about":[{"href":"https:\/\/elmercuriomanta.ec\/index.php\/wp-json\/wp\/v2\/types\/post"}],"author":[{"embeddable":true,"href":"https:\/\/elmercuriomanta.ec\/index.php\/wp-json\/wp\/v2\/users\/1"}],"replies":[{"embeddable":true,"href":"https:\/\/elmercuriomanta.ec\/index.php\/wp-json\/wp\/v2\/comments?post=17728"}],"version-history":[{"count":1,"href":"https:\/\/elmercuriomanta.ec\/index.php\/wp-json\/wp\/v2\/posts\/17728\/revisions"}],"predecessor-version":[{"id":17730,"href":"https:\/\/elmercuriomanta.ec\/index.php\/wp-json\/wp\/v2\/posts\/17728\/revisions\/17730"}],"wp:featuredmedia":[{"embeddable":true,"href":"https:\/\/elmercuriomanta.ec\/index.php\/wp-json\/wp\/v2\/media\/17729"}],"wp:attachment":[{"href":"https:\/\/elmercuriomanta.ec\/index.php\/wp-json\/wp\/v2\/media?parent=17728"}],"wp:term":[{"taxonomy":"category","embeddable":true,"href":"https:\/\/elmercuriomanta.ec\/index.php\/wp-json\/wp\/v2\/categories?post=17728"},{"taxonomy":"post_tag","embeddable":true,"href":"https:\/\/elmercuriomanta.ec\/index.php\/wp-json\/wp\/v2\/tags?post=17728"}],"curies":[{"name":"wp","href":"https:\/\/api.w.org\/{rel}","templated":true}]}}