{"id":17382,"date":"2024-03-25T15:14:54","date_gmt":"2024-03-25T20:14:54","guid":{"rendered":"https:\/\/elmercuriomanta.ec\/?p=17382"},"modified":"2024-03-25T15:14:56","modified_gmt":"2024-03-25T20:14:56","slug":"la-cotizacion-y-venta-de-vehiculos-incrementa","status":"publish","type":"post","link":"https:\/\/elmercuriomanta.ec\/index.php\/2024\/03\/25\/la-cotizacion-y-venta-de-vehiculos-incrementa\/","title":{"rendered":"La cotizaci\u00f3n y venta de veh\u00edculos incrementa"},"content":{"rendered":"\n<figure class=\"wp-block-image aligncenter size-full is-resized\"><img fetchpriority=\"high\" decoding=\"async\" width=\"225\" height=\"225\" src=\"https:\/\/elmercuriomanta.ec\/wp-content\/uploads\/2024\/03\/image-304.png\" alt=\"\" class=\"wp-image-17383\" style=\"width:284px;height:auto\" srcset=\"https:\/\/elmercuriomanta.ec\/wp-content\/uploads\/2024\/03\/image-304.png 225w, https:\/\/elmercuriomanta.ec\/wp-content\/uploads\/2024\/03\/image-304-150x150.png 150w\" sizes=\"(max-width: 225px) 100vw, 225px\" \/><\/figure>\n\n\n\n<p>Letreros grandes llaman a aprovechar el 12% del IVA en las concesionarias de veh\u00edculos As\u00ed, este sector intenta aumentar las ventas antes del 1 de abril, cuando el IVA pasar\u00e1 del 12 al 15% y provocar\u00e1 el incremento en el precio en los carros. \u201cEstoy cotizando para ver si cambio de modelo y la idea, si llego a una negociaci\u00f3n, es hacerlo antes de que suba el IVA\u201d, coment\u00f3 el cliente Michael Velastegu\u00ed.<\/p>\n\n\n\n<p>&nbsp;La cotizaci\u00f3n para la compra tuvo un incremento del 20% y las ventas subieron 10% la semana pasada, seg\u00fan la Asociaci\u00f3n Ecuatoriana Automotriz. \u201cEn febrero se vendieron 9 carros. Esperemos que se vendan por lo menos 10 000 carros en el mes de marzo\u201d, cuenta su representante, Jaime Cucal\u00f3n. \u201cSiempre las cotizaciones van a ir de la mano de carros que est\u00e1n sobre los USD 20 000, que son carros tipo SUV, carros familiares\u201d, a\u00f1adi\u00f3 Magaly S\u00e1nchez, de la concesionaria Induwagen. Pero a este gremio les preocupa algo m\u00e1s.<\/p>\n\n\n\n<p>&nbsp;En los veh\u00edculos el incremento del IVA influir\u00e1 tambi\u00e9n en el Impuesto a los Consumos Especiales, es decir, subir\u00e1 el ICE. \u201cNosotros pedimos al Gobierno Nacional que nos dejes fuera del aumento del ICE para tratar de que los carros no suban tanto de precio\u201d, acot\u00f3 Cucal\u00f3n. Por lo que alistan estrategias de ventas para que no caigan en los pr\u00f3ximos dos meses, considerando que a\u00fan no llegan a las cifras de 2023.&nbsp;<\/p>\n\n\n\n<p>\u201cTocar\u00e1 volver a traer carros con menos equipamientos, carros con unas especificaciones un poco inferiores. Y con eso tratar de disminuir el impacto en el comprador\u201d, finaliz\u00f3 Cucal\u00f3n. Afirman que Ecuador es un mercado en el que predomina el precio a la hora de decidir una compra.<\/p>\n","protected":false},"excerpt":{"rendered":"<p>Letreros grandes llaman a aprovechar el 12% del IVA en las concesionarias de veh\u00edculos As\u00ed, este sector intenta aumentar las ventas antes del 1 de abril, cuando el IVA pasar\u00e1 del 12 al 15% y provocar\u00e1 el incremento en el precio en los carros. \u201cEstoy cotizando para ver si cambio de modelo y la idea, si llego a una negociaci\u00f3n, es hacerlo antes de que suba el IVA\u201d, coment\u00f3 el cliente Michael Velastegu\u00ed.<\/p>\n","protected":false},"author":1,"featured_media":17383,"comment_status":"open","ping_status":"open","sticky":false,"template":"","format":"standard","meta":{"footnotes":""},"categories":[19],"tags":[23],"class_list":["post-17382","post","type-post","status-publish","format-standard","has-post-thumbnail","hentry","category-portada-1","tag-ecuador"],"_links":{"self":[{"href":"https:\/\/elmercuriomanta.ec\/index.php\/wp-json\/wp\/v2\/posts\/17382","targetHints":{"allow":["GET"]}}],"collection":[{"href":"https:\/\/elmercuriomanta.ec\/index.php\/wp-json\/wp\/v2\/posts"}],"about":[{"href":"https:\/\/elmercuriomanta.ec\/index.php\/wp-json\/wp\/v2\/types\/post"}],"author":[{"embeddable":true,"href":"https:\/\/elmercuriomanta.ec\/index.php\/wp-json\/wp\/v2\/users\/1"}],"replies":[{"embeddable":true,"href":"https:\/\/elmercuriomanta.ec\/index.php\/wp-json\/wp\/v2\/comments?post=17382"}],"version-history":[{"count":1,"href":"https:\/\/elmercuriomanta.ec\/index.php\/wp-json\/wp\/v2\/posts\/17382\/revisions"}],"predecessor-version":[{"id":17384,"href":"https:\/\/elmercuriomanta.ec\/index.php\/wp-json\/wp\/v2\/posts\/17382\/revisions\/17384"}],"wp:featuredmedia":[{"embeddable":true,"href":"https:\/\/elmercuriomanta.ec\/index.php\/wp-json\/wp\/v2\/media\/17383"}],"wp:attachment":[{"href":"https:\/\/elmercuriomanta.ec\/index.php\/wp-json\/wp\/v2\/media?parent=17382"}],"wp:term":[{"taxonomy":"category","embeddable":true,"href":"https:\/\/elmercuriomanta.ec\/index.php\/wp-json\/wp\/v2\/categories?post=17382"},{"taxonomy":"post_tag","embeddable":true,"href":"https:\/\/elmercuriomanta.ec\/index.php\/wp-json\/wp\/v2\/tags?post=17382"}],"curies":[{"name":"wp","href":"https:\/\/api.w.org\/{rel}","templated":true}]}}