{"id":17220,"date":"2024-03-22T11:46:19","date_gmt":"2024-03-22T16:46:19","guid":{"rendered":"https:\/\/elmercuriomanta.ec\/?p=17220"},"modified":"2024-03-22T11:50:19","modified_gmt":"2024-03-22T16:50:19","slug":"los-vehiculos-electronicos-una-opcion-verdaderamente-sostenible","status":"publish","type":"post","link":"https:\/\/elmercuriomanta.ec\/index.php\/2024\/03\/22\/los-vehiculos-electronicos-una-opcion-verdaderamente-sostenible\/","title":{"rendered":"Los veh\u00edculos electr\u00f3nicos \u00bfuna opci\u00f3n verdaderamente sostenible?"},"content":{"rendered":"\n<div class=\"wp-block-columns is-layout-flex wp-container-core-columns-is-layout-28f84493 wp-block-columns-is-layout-flex\">\n<div class=\"wp-block-column is-layout-flow wp-block-column-is-layout-flow\">\n<figure class=\"wp-block-image size-large\"><img fetchpriority=\"high\" decoding=\"async\" width=\"1024\" height=\"525\" src=\"https:\/\/elmercuriomanta.ec\/wp-content\/uploads\/2024\/03\/ext-1-1024x525.jpg\" alt=\"\" class=\"wp-image-17222\" srcset=\"https:\/\/elmercuriomanta.ec\/wp-content\/uploads\/2024\/03\/ext-1-1024x525.jpg 1024w, https:\/\/elmercuriomanta.ec\/wp-content\/uploads\/2024\/03\/ext-1-300x154.jpg 300w, https:\/\/elmercuriomanta.ec\/wp-content\/uploads\/2024\/03\/ext-1-768x394.jpg 768w, https:\/\/elmercuriomanta.ec\/wp-content\/uploads\/2024\/03\/ext-1-1536x788.jpg 1536w, https:\/\/elmercuriomanta.ec\/wp-content\/uploads\/2024\/03\/ext-1-2048x1050.jpg 2048w\" sizes=\"(max-width: 1024px) 100vw, 1024px\" \/><\/figure>\n<\/div>\n\n\n\n<div class=\"wp-block-column is-layout-flow wp-block-column-is-layout-flow\">\n<figure class=\"wp-block-image size-large\"><img decoding=\"async\" width=\"1024\" height=\"531\" src=\"https:\/\/elmercuriomanta.ec\/wp-content\/uploads\/2024\/03\/ext-2-1024x531.jpg\" alt=\"\" class=\"wp-image-17223\" srcset=\"https:\/\/elmercuriomanta.ec\/wp-content\/uploads\/2024\/03\/ext-2-1024x531.jpg 1024w, https:\/\/elmercuriomanta.ec\/wp-content\/uploads\/2024\/03\/ext-2-300x156.jpg 300w, https:\/\/elmercuriomanta.ec\/wp-content\/uploads\/2024\/03\/ext-2-768x398.jpg 768w, https:\/\/elmercuriomanta.ec\/wp-content\/uploads\/2024\/03\/ext-2-1536x797.jpg 1536w, https:\/\/elmercuriomanta.ec\/wp-content\/uploads\/2024\/03\/ext-2-2048x1062.jpg 2048w\" sizes=\"(max-width: 1024px) 100vw, 1024px\" \/><\/figure>\n<\/div>\n<\/div>\n\n\n\n<p>Los veh\u00edculos el\u00e9ctricos en Ecuador representan el avance hacia la sustentabilidad ambiental. Optar por un auto el\u00e9ctrico en el pa\u00eds es elegir una conducci\u00f3n m\u00e1s limpia, eficiente y econ\u00f3mica, para la disminuci\u00f3n de la huella de carbono y a la mejora de la calidad del aire. La exenci\u00f3n de IVA, AD VALOREM e ICE la hacen una compra m\u00e1s atractiva. Implica un ahorro significativo en costos de mantenimiento y combustible.<\/p>\n\n\n\n<figure class=\"wp-block-image aligncenter size-large is-resized\"><img decoding=\"async\" width=\"1024\" height=\"615\" src=\"https:\/\/elmercuriomanta.ec\/wp-content\/uploads\/2024\/03\/ft-14-1-1024x615.jpg\" alt=\"\" class=\"wp-image-17224\" style=\"width:355px;height:auto\" srcset=\"https:\/\/elmercuriomanta.ec\/wp-content\/uploads\/2024\/03\/ft-14-1-1024x615.jpg 1024w, https:\/\/elmercuriomanta.ec\/wp-content\/uploads\/2024\/03\/ft-14-1-300x180.jpg 300w, https:\/\/elmercuriomanta.ec\/wp-content\/uploads\/2024\/03\/ft-14-1-768x461.jpg 768w, https:\/\/elmercuriomanta.ec\/wp-content\/uploads\/2024\/03\/ft-14-1-1536x922.jpg 1536w, https:\/\/elmercuriomanta.ec\/wp-content\/uploads\/2024\/03\/ft-14-1.jpg 1863w\" sizes=\"(max-width: 1024px) 100vw, 1024px\" \/><\/figure>\n\n\n\n<p>Desde su llegada al mercado ecuatoriano en mayo del 2023, BYD, representado por Andor Corporation, ha marcado el inicio de una era dorada para los veh\u00edculos el\u00e9ctricos en el pa\u00eds. En sus primeros meses ha vendido aproximadamente 200 unidades, asegurando una participaci\u00f3n de mercado del 30% en el segmento. Este logro refleja la aceptaci\u00f3n del mercado.<\/p>\n\n\n\n<p>La visi\u00f3n de BYD de reducir la temperatura global en 1 grado cent\u00edgrado se materializa a trav\u00e9s de cada veh\u00edculo el\u00e9ctrico vendido en Ecuador. A nivel global, la marca ha compensado el equivalente a las emisiones de CO2 de 770 millones de \u00e1rboles, un testimonio poderoso de su liderazgo en la lucha contra el cambio clim\u00e1tico. <\/p>\n\n\n\n<figure class=\"wp-block-video\"><video height=\"1080\" style=\"aspect-ratio: 1920 \/ 1080;\" width=\"1920\" controls src=\"https:\/\/elmercuriomanta.ec\/wp-content\/uploads\/2024\/03\/1214-11.mp4\"><\/video><\/figure>\n\n\n\n<p>Actualmente se asegura que el costo promedio de mantenimiento de\u00a0 veh\u00edculos el\u00e9ctricos sea significativamente menor en comparaci\u00f3n con los veh\u00edculos de combusti\u00f3n interna, gracias a la menor cantidad de piezas m\u00f3viles y la simplicidad de tecnolog\u00eda en estos modelos. Adem\u00e1s, BYD est\u00e1 expandiendo activamente su red de estaciones de carga en Ecuador, con planes de instalar 13 puntos de carga r\u00e1pida en las principales ciudades del pa\u00eds durante el a\u00f1o.<\/p>\n\n\n\n<p>A pesar de un crecimiento impresionante del 80% en el segmento de veh\u00edculos el\u00e9ctricos en 2023, Ecuador a\u00fan est\u00e1 en las etapas iniciales de adopci\u00f3n en comparaci\u00f3n con otros pa\u00edses de Am\u00e9rica Latina. Sin embargo, el compromiso con la movilidad el\u00e9ctrica posiciona al pa\u00eds en un camino prometedor hacia la sostenibilidad y la innovaci\u00f3n en transporte.<\/p>\n\n\n\n<p><br><\/p>\n","protected":false},"excerpt":{"rendered":"<p>Los veh\u00edculos el\u00e9ctricos en Ecuador representan el avance hacia la sustentabilidad ambiental. Optar por un auto el\u00e9ctrico en el pa\u00eds es elegir una conducci\u00f3n m\u00e1s limpia, eficiente y econ\u00f3mica, para la disminuci\u00f3n de la huella de carbono y a la mejora de la calidad del aire.<\/p>\n","protected":false},"author":1,"featured_media":17221,"comment_status":"open","ping_status":"open","sticky":false,"template":"","format":"standard","meta":{"footnotes":""},"categories":[83,1],"tags":[23],"class_list":["post-17220","post","type-post","status-publish","format-standard","has-post-thumbnail","hentry","category-sucesos","category-uncategorized","tag-ecuador"],"_links":{"self":[{"href":"https:\/\/elmercuriomanta.ec\/index.php\/wp-json\/wp\/v2\/posts\/17220","targetHints":{"allow":["GET"]}}],"collection":[{"href":"https:\/\/elmercuriomanta.ec\/index.php\/wp-json\/wp\/v2\/posts"}],"about":[{"href":"https:\/\/elmercuriomanta.ec\/index.php\/wp-json\/wp\/v2\/types\/post"}],"author":[{"embeddable":true,"href":"https:\/\/elmercuriomanta.ec\/index.php\/wp-json\/wp\/v2\/users\/1"}],"replies":[{"embeddable":true,"href":"https:\/\/elmercuriomanta.ec\/index.php\/wp-json\/wp\/v2\/comments?post=17220"}],"version-history":[{"count":3,"href":"https:\/\/elmercuriomanta.ec\/index.php\/wp-json\/wp\/v2\/posts\/17220\/revisions"}],"predecessor-version":[{"id":17229,"href":"https:\/\/elmercuriomanta.ec\/index.php\/wp-json\/wp\/v2\/posts\/17220\/revisions\/17229"}],"wp:featuredmedia":[{"embeddable":true,"href":"https:\/\/elmercuriomanta.ec\/index.php\/wp-json\/wp\/v2\/media\/17221"}],"wp:attachment":[{"href":"https:\/\/elmercuriomanta.ec\/index.php\/wp-json\/wp\/v2\/media?parent=17220"}],"wp:term":[{"taxonomy":"category","embeddable":true,"href":"https:\/\/elmercuriomanta.ec\/index.php\/wp-json\/wp\/v2\/categories?post=17220"},{"taxonomy":"post_tag","embeddable":true,"href":"https:\/\/elmercuriomanta.ec\/index.php\/wp-json\/wp\/v2\/tags?post=17220"}],"curies":[{"name":"wp","href":"https:\/\/api.w.org\/{rel}","templated":true}]}}