{"id":16907,"date":"2024-03-17T12:19:45","date_gmt":"2024-03-17T17:19:45","guid":{"rendered":"https:\/\/elmercuriomanta.ec\/?p=16907"},"modified":"2024-03-17T12:19:47","modified_gmt":"2024-03-17T17:19:47","slug":"paraguay-mas-de-100-incendios-forestales-activos-en-medio-de-altas-temperaturas","status":"publish","type":"post","link":"https:\/\/elmercuriomanta.ec\/index.php\/2024\/03\/17\/paraguay-mas-de-100-incendios-forestales-activos-en-medio-de-altas-temperaturas\/","title":{"rendered":"Paraguay, m\u00e1s de 100 incendios forestales activos en medio de altas temperaturas"},"content":{"rendered":"\n<figure class=\"wp-block-image aligncenter size-full is-resized\"><img fetchpriority=\"high\" decoding=\"async\" width=\"639\" height=\"446\" src=\"https:\/\/elmercuriomanta.ec\/wp-content\/uploads\/2024\/03\/image-202.png\" alt=\"\" class=\"wp-image-16908\" style=\"width:394px;height:auto\" srcset=\"https:\/\/elmercuriomanta.ec\/wp-content\/uploads\/2024\/03\/image-202.png 639w, https:\/\/elmercuriomanta.ec\/wp-content\/uploads\/2024\/03\/image-202-300x209.png 300w\" sizes=\"(max-width: 639px) 100vw, 639px\" \/><\/figure>\n\n\n\n<p>M\u00e1s de 100 incendios forestales activos y unos 300 puntos de calor registraba este s\u00e1bado Paraguay, en medio de una ola de intenso calor que ha elevado los term\u00f3metros en el territorio nacional por encima de los 40 grados durante la \u00faltima semana, inform\u00f3 el Cuerpo de Bomberos Voluntarios. Los focos de incendios se concentran en los departamentos de Emboscada, Cordillera, San Pedro, Paraguar\u00ed y Central, as\u00ed como en la vasta regi\u00f3n del Chaco, que abarca los departamentos de Boquer\u00f3n, Alto Paraguay y Presidente Hayes.<\/p>\n\n\n\n<p>En Asunci\u00f3n, la capital del pa\u00eds, los bomberos han estado combatiendo las llamas que toman fuerza de forma intermitente en la avenida Costanera, que bordea al r\u00edo Paraguay. El segundo Comandante Nacional del Cuerpo de Bomberos voluntarios del Paraguay, Ray Mendoza, indic\u00f3: \u201cFuegos activos tenemos m\u00e1s de 100 en estos momentos, pero puntos de calor tenemos m\u00e1s de 300 a nivel pa\u00eds\u201d. Mendoza lament\u00f3 que el 90 % de los incendios son \u201cconsecuencia de la acci\u00f3n del hombre\u201d, por lo que llam\u00f3 a la ciudadan\u00eda a evitar la quema de basuras y pastizales.<\/p>\n\n\n\n<p>Las llamas, que han consumido extensas zonas, se han producido en momentos en que Paraguay est\u00e1 bajo emergencia por las altas temperaturas, que, seg\u00fan los pron\u00f3sticos de la Direcci\u00f3n de Meteorolog\u00eda e Hidrolog\u00eda, se pueden extender hasta mediados de la semana entrante. Las temperaturas han superado m\u00e1ximos hist\u00f3ricos, al ubicarse por encima de los 40 grados en algunas zonas. Solo en Asunci\u00f3n la sensaci\u00f3n t\u00e9rmica alcanz\u00f3 este viernes los 50 grados, de acuerdo con los informes de la Direcci\u00f3n de Meteorolog\u00eda.<\/p>\n","protected":false},"excerpt":{"rendered":"<p>M\u00e1s de 100 incendios forestales activos y unos 300 puntos de calor registraba este s\u00e1bado Paraguay, en medio de una ola de intenso calor que ha elevado los term\u00f3metros en el territorio nacional por encima de los 40 grados durante la \u00faltima semana, inform\u00f3 el Cuerpo de Bomberos Voluntarios. Los focos de incendios se concentran en los departamentos de Emboscada, Cordillera, San Pedro, Paraguar\u00ed y Central, as\u00ed como en la vasta regi\u00f3n del Chaco, que abarca los departamentos de Boquer\u00f3n, Alto Paraguay y Presidente Hayes.<\/p>\n<p>En Asunci\u00f3n, la capital del pa\u00eds, los bomberos han estado combatiendo las llamas que toman fuerza de forma intermitente en la avenida Costanera, que bordea al r\u00edo Paraguay. El segundo Comandante Nacional del Cuerpo de Bomberos voluntarios del Paraguay, Ray Mendoza, indic\u00f3: \u201cFuegos activos tenemos m\u00e1s de 100 en estos momentos, pero puntos de calor tenemos m\u00e1s de 300 a nivel pa\u00eds\u201d. Mendoza lament\u00f3 que el 90 % de los incendios son \u201cconsecuencia de la acci\u00f3n del hombre\u201d, por lo que llam\u00f3 a la ciudadan\u00eda a evitar la quema de basuras y pastizales.<\/p>\n<p>Las llamas, que han consumido extensas zonas, se han producido en momentos en que Paraguay est\u00e1 bajo emergencia por las altas temperaturas, que, seg\u00fan los pron\u00f3sticos de la Direcci\u00f3n de Meteorolog\u00eda e Hidrolog\u00eda, se pueden extender hasta mediados de la semana entrante. Las temperaturas han superado m\u00e1ximos hist\u00f3ricos, al ubicarse por encima de los 40 grados en algunas zonas. Solo en Asunci\u00f3n la sensaci\u00f3n t\u00e9rmica alcanz\u00f3 este viernes los 50 grados, de acuerdo con los informes de la Direcci\u00f3n de Meteorolog\u00eda.<\/p>\n","protected":false},"author":1,"featured_media":16908,"comment_status":"open","ping_status":"open","sticky":false,"template":"","format":"standard","meta":{"footnotes":""},"categories":[8],"tags":[],"class_list":["post-16907","post","type-post","status-publish","format-standard","has-post-thumbnail","hentry","category-internacional"],"_links":{"self":[{"href":"https:\/\/elmercuriomanta.ec\/index.php\/wp-json\/wp\/v2\/posts\/16907","targetHints":{"allow":["GET"]}}],"collection":[{"href":"https:\/\/elmercuriomanta.ec\/index.php\/wp-json\/wp\/v2\/posts"}],"about":[{"href":"https:\/\/elmercuriomanta.ec\/index.php\/wp-json\/wp\/v2\/types\/post"}],"author":[{"embeddable":true,"href":"https:\/\/elmercuriomanta.ec\/index.php\/wp-json\/wp\/v2\/users\/1"}],"replies":[{"embeddable":true,"href":"https:\/\/elmercuriomanta.ec\/index.php\/wp-json\/wp\/v2\/comments?post=16907"}],"version-history":[{"count":1,"href":"https:\/\/elmercuriomanta.ec\/index.php\/wp-json\/wp\/v2\/posts\/16907\/revisions"}],"predecessor-version":[{"id":16909,"href":"https:\/\/elmercuriomanta.ec\/index.php\/wp-json\/wp\/v2\/posts\/16907\/revisions\/16909"}],"wp:featuredmedia":[{"embeddable":true,"href":"https:\/\/elmercuriomanta.ec\/index.php\/wp-json\/wp\/v2\/media\/16908"}],"wp:attachment":[{"href":"https:\/\/elmercuriomanta.ec\/index.php\/wp-json\/wp\/v2\/media?parent=16907"}],"wp:term":[{"taxonomy":"category","embeddable":true,"href":"https:\/\/elmercuriomanta.ec\/index.php\/wp-json\/wp\/v2\/categories?post=16907"},{"taxonomy":"post_tag","embeddable":true,"href":"https:\/\/elmercuriomanta.ec\/index.php\/wp-json\/wp\/v2\/tags?post=16907"}],"curies":[{"name":"wp","href":"https:\/\/api.w.org\/{rel}","templated":true}]}}