{"id":1594,"date":"2023-06-22T20:16:29","date_gmt":"2023-06-22T20:16:29","guid":{"rendered":"https:\/\/elmercuriomanta.ec\/?p=1594"},"modified":"2023-06-22T20:16:29","modified_gmt":"2023-06-22T20:16:29","slug":"el-fenomeno-de-el-nino-se-hace-notar","status":"publish","type":"post","link":"https:\/\/elmercuriomanta.ec\/index.php\/2023\/06\/22\/el-fenomeno-de-el-nino-se-hace-notar\/","title":{"rendered":"El Fen\u00f3meno de El Ni\u00f1o se hace notar"},"content":{"rendered":"\n<figure class=\"wp-block-image aligncenter size-full is-resized\"><img fetchpriority=\"high\" decoding=\"async\" src=\"https:\/\/elmercuriomanta.ec\/wp-content\/uploads\/2023\/06\/image-136.png\" alt=\"\" class=\"wp-image-1595\" width=\"635\" height=\"506\" srcset=\"https:\/\/elmercuriomanta.ec\/wp-content\/uploads\/2023\/06\/image-136.png 448w, https:\/\/elmercuriomanta.ec\/wp-content\/uploads\/2023\/06\/image-136-300x239.png 300w\" sizes=\"(max-width: 635px) 100vw, 635px\" \/><figcaption class=\"wp-element-caption\">Efecto de El Ni\u00f1o en el Pac\u00edfico en 2023 COPERNICUS SENTINEL\/NASA 20\/6\/2023<\/figcaption><\/figure>\n\n\n\n<p>Este a\u00f1o estar\u00eda por sentir el regreso de Fen\u00f3meno de El Ni\u00f1o, un fen\u00f3meno clim\u00e1tico con temperaturas superficiales del mar m\u00e1s c\u00e1lidas (y niveles del mar m\u00e1s altos) en el Oc\u00e9ano Pac\u00edfico tropical central y oriental. El Fen\u00f3meno de El Ni\u00f1o est\u00e1 asociado con el debilitamiento de los vientos alisios del este y el movimiento de agua c\u00e1lida desde el Pac\u00edfico occidental hacia la costa occidental de las Am\u00e9ricas.<\/p>\n\n\n\n<p>El fen\u00f3meno puede tener efectos generalizados, a menudo trayendo condiciones m\u00e1s fr\u00edas y h\u00famedas al suroeste de los EE.UU. y sequ\u00edas a los pa\u00edses del Pac\u00edfico occidental, como Indonesia y Australia. Las mediciones satelitales y oce\u00e1nicas de la temperatura de la superficie del mar son una forma de detectar la llegada de El Ni\u00f1o.<\/p>\n\n\n\n<p>Su firma tambi\u00e9n aparece en las mediciones satelitales de la altura de la superficie del mar, que aumenta a medida que aumenta la temperatura del oc\u00e9ano. Esto se debe a que el agua m\u00e1s caliente se expande para llenar m\u00e1s volumen, mientras que el agua m\u00e1s fr\u00eda se contrae.<\/p>\n\n\n\n<p>El mapa muestra las anomal\u00edas en la altura de la superficie del mar en el Oc\u00e9ano Pac\u00edfico central y oriental observadas entre el 1 y el 10 de junio de 2023. Los tonos de azul indican niveles del mar inferiores al promedio; las condiciones normales del nivel del mar aparecen en blanco; y los rojos indican \u00e1reas donde el oc\u00e9ano estaba m\u00e1s alto de lo normal, informa la NASA.<\/p>\n\n\n\n<p>Los datos para el mapa fueron adquiridos por los sat\u00e9lites Sentinel-6 Michael Freilich y Sentinel-3B y procesados por cient\u00edficos del Jet Propulsion Laboratory (JPL) de la NASA. Los meteor\u00f3logos esperaban que las condiciones de El Ni\u00f1o se fortalecieran gradualmente en el invierno del hemisferio norte de 2023-2024, momento en el cual pronosticaron un 60 por ciento de posibilidades de que se desarrolle un El Ni\u00f1o de intensidad moderada y un 56 por ciento de posibilidades de que El Ni\u00f1o sea fuerte.<\/p>\n\n\n\n<p>Sin embargo, a partir de junio, Fen\u00f3meno de El Ni\u00f1o no est\u00e1 tan avanzado como los eventos anteriores de El Ni\u00f1o en la misma \u00e9poca del a\u00f1o, seg\u00fan Josh Willis, ocean\u00f3grafo y cient\u00edfico del proyecto Sentinel-6 Michael Freilich en JPL. \u00abTodav\u00eda es demasiado pronto para decir si ser\u00e1 grande\u00bb, dijo Willis. \u00abProbablemente tendr\u00e1 algunos impactos globales, pero todav\u00eda hay tiempo para que este El Ni\u00f1o decepcione\u00bb.<\/p>\n","protected":false},"excerpt":{"rendered":"<p>Este a\u00f1o estar\u00eda por sentir el regreso de Fen\u00f3meno de El Ni\u00f1o, un fen\u00f3meno clim\u00e1tico con temperaturas superficiales del mar m\u00e1s c\u00e1lidas (y niveles del mar m\u00e1s altos) en el Oc\u00e9ano Pac\u00edfico tropical central y oriental. El Fen\u00f3meno de El Ni\u00f1o est\u00e1 asociado con el debilitamiento de los vientos alisios del este y el movimiento [&hellip;]<\/p>\n","protected":false},"author":12,"featured_media":1595,"comment_status":"open","ping_status":"open","sticky":false,"template":"","format":"standard","meta":{"footnotes":""},"categories":[20],"tags":[],"class_list":["post-1594","post","type-post","status-publish","format-standard","has-post-thumbnail","hentry","category-portada-2"],"_links":{"self":[{"href":"https:\/\/elmercuriomanta.ec\/index.php\/wp-json\/wp\/v2\/posts\/1594","targetHints":{"allow":["GET"]}}],"collection":[{"href":"https:\/\/elmercuriomanta.ec\/index.php\/wp-json\/wp\/v2\/posts"}],"about":[{"href":"https:\/\/elmercuriomanta.ec\/index.php\/wp-json\/wp\/v2\/types\/post"}],"author":[{"embeddable":true,"href":"https:\/\/elmercuriomanta.ec\/index.php\/wp-json\/wp\/v2\/users\/12"}],"replies":[{"embeddable":true,"href":"https:\/\/elmercuriomanta.ec\/index.php\/wp-json\/wp\/v2\/comments?post=1594"}],"version-history":[{"count":0,"href":"https:\/\/elmercuriomanta.ec\/index.php\/wp-json\/wp\/v2\/posts\/1594\/revisions"}],"wp:featuredmedia":[{"embeddable":true,"href":"https:\/\/elmercuriomanta.ec\/index.php\/wp-json\/wp\/v2\/media\/1595"}],"wp:attachment":[{"href":"https:\/\/elmercuriomanta.ec\/index.php\/wp-json\/wp\/v2\/media?parent=1594"}],"wp:term":[{"taxonomy":"category","embeddable":true,"href":"https:\/\/elmercuriomanta.ec\/index.php\/wp-json\/wp\/v2\/categories?post=1594"},{"taxonomy":"post_tag","embeddable":true,"href":"https:\/\/elmercuriomanta.ec\/index.php\/wp-json\/wp\/v2\/tags?post=1594"}],"curies":[{"name":"wp","href":"https:\/\/api.w.org\/{rel}","templated":true}]}}