{"id":15170,"date":"2024-02-15T12:21:24","date_gmt":"2024-02-15T17:21:24","guid":{"rendered":"https:\/\/elmercuriomanta.ec\/?p=15170"},"modified":"2024-02-15T12:21:26","modified_gmt":"2024-02-15T17:21:26","slug":"campeonato-nacional-de-surf-en-la-playa-el-murcielago-manta-manabi","status":"publish","type":"post","link":"https:\/\/elmercuriomanta.ec\/index.php\/2024\/02\/15\/campeonato-nacional-de-surf-en-la-playa-el-murcielago-manta-manabi\/","title":{"rendered":"Campeonato Nacional de Surf en la Playa \u201c El Murci\u00e9lago\u201d Manta-Manab\u00ed\u00a0"},"content":{"rendered":"\n<figure class=\"wp-block-image aligncenter size-large is-resized\"><img fetchpriority=\"high\" decoding=\"async\" width=\"731\" height=\"1024\" src=\"https:\/\/elmercuriomanta.ec\/wp-content\/uploads\/2024\/02\/image-189-731x1024.png\" alt=\"\" class=\"wp-image-15171\" style=\"width:334px;height:auto\" srcset=\"https:\/\/elmercuriomanta.ec\/wp-content\/uploads\/2024\/02\/image-189-731x1024.png 731w, https:\/\/elmercuriomanta.ec\/wp-content\/uploads\/2024\/02\/image-189-214x300.png 214w, https:\/\/elmercuriomanta.ec\/wp-content\/uploads\/2024\/02\/image-189-768x1076.png 768w, https:\/\/elmercuriomanta.ec\/wp-content\/uploads\/2024\/02\/image-189-1096x1536.png 1096w, https:\/\/elmercuriomanta.ec\/wp-content\/uploads\/2024\/02\/image-189.png 1142w\" sizes=\"(max-width: 731px) 100vw, 731px\" \/><\/figure>\n\n\n\n<p>Manta ser\u00e1 la sede de la primera fecha valida del circuito nacional de Surf a realizarse en la emblem\u00e1tica playa \u201c El Murci\u00e9lago\u201d&nbsp; punto de surf alado de la Terminal Portuaria de Manta TPM, desde el&nbsp; 22 al 23 de febrero pr\u00f3ximo,&nbsp; seg\u00fan lo anuncio el titular de la Federaci\u00f3n Ecuatoriana de Surf,&nbsp; Ing. Bernardo Arosemena Olsen y el Comit\u00e9 Organizador del evento&nbsp;<\/p>\n\n\n\n<p>Esta ser\u00e1 la Quinta edici\u00f3n de la <strong>COPA TPM OPEN PRO MANTA<\/strong> patrocinada por la Terminal Portuaria de Manta <strong>TPM<\/strong>, presentada por la Alcaldia de Manta y auspiciada por la Prefectura de Manabi.&nbsp; Este evento espera recibir a cerca de 150 surfistas de todo el pa\u00eds,&nbsp; deportistas representantes de las provincias de Gal\u00e1pagos , Esmeraldas, Manab\u00ed, Santa Elena y Guayas, quienes participaran en las 4 modalidades panamericanas de esta disciplina en todas las categor\u00edas. &nbsp; Entre las competencias y&nbsp; pruebas estar\u00e1n la modalidad Ol\u00edmpica, tabla corta que debuto en Tokyo 2020+1 y las modalidades panamericanas&nbsp; tabla&nbsp; larga , SUP Race Technical y SUP Surf , en las categor\u00edas Open absoluta y juvenil; que ser\u00e1n parte de los Juegos Panamericanos Absolutos de Santiago 2023.&nbsp;<\/p>\n\n\n\n<p>Los atletas de la divisi\u00f3n elite conformada por\u00a0 los\u00a0 seleccionados nacionales, Alex Suarez de Montanita, Santa Elena,\u00a0 Vice Campeon Nacional 2021 en tabla corta categor\u00eda Open, Genesis Borja, local de Engabao Playas, con apenas 16 anos Campeona Nacional categor\u00eda Open tabla corta, los hermanos Israel Barona y Dominic Barona, esta ultima medallista de Plata de los Juegos Panamericanos de Lima 2019, representante de Ecuador en Tokio 2020+1\u00a0 ser\u00e1n parte de la <strong>COPA TPM OPEN PRO<\/strong>.\u00a0 Los atletas de Manabi, Julio Hidalgo, Adri\u00e1n Zambrano, Esnaider Parrales,\u00a0<\/p>\n\n\n\n<p>Bruce Burgos, y la flamante campeona Junior categor\u00eda sub 18 Wendy Velasquez ser\u00e1n parte de la comitiva local que dar\u00e1 batalla en la cl\u00e1sica ola del Murcielago.<\/p>\n\n\n\n<p>Uno de los grandes ausentes de esta fecha ser\u00e1 Jonathan el Gato Chila, local de la tierra de las derechas, General Villamil Playas, Guayas, dos veces Campeon Latino, Campeon Bolivariano y 5 veces Campeon Nacianal, siendo su ultima corona en el 2021, actualmente se recupera de una lesi\u00f3n de espalda y esperamos tenerlo pronto de vuelta en el Circuito.<\/p>\n\n\n\n<p>El pronostico del oleaje es excelente, se esperan olas de&nbsp; metro y medio seg\u00fan se pudo verificar en los portales especializados en pronostico de olas como Surfline.&nbsp;&nbsp;&nbsp;<\/p>\n\n\n\n<p>La influencia de un oleaje de mediana intensidad con direccion Noroeste, garantizaran olas de calidad de metro y medio, tipo beachbreak, en la playa de \u201c El Murci\u00e9lago\u201d ,considerada una de las mejores canchas naturales de Manab\u00ed y del Ecuador para la pr\u00e1ctica de este deporte ol\u00edmpico.&nbsp;<\/p>\n\n\n\n<p>Los ganadores de la categor\u00eda Open absoluta recibir\u00e1n premios econ\u00f3micos, tanto en la divisi\u00f3n varones como mujeres en la modalidad tabla corta, esto gracias a los auspiciantes del evento.<\/p>\n\n\n\n<p>Como se lo menciono anteriormente, este torneo ser\u00e1 base de entrenamiento de la FES para los atletas de Alto Rendimiento que participaran en el Campeonato Mundial Junior de la International Surfing Association , la ISA por sus siglas en Ingles, a efectuarse en El Salvador entre el 27 de mayo al 05 de junio pr\u00f3ximo , en el que Ecuador participara con equipo completo conformado por 6 varones y 6 mujeres, en la categor\u00eda juvenil Sub 18 y Sub 16 Tabla Corta modalidad ol\u00edmpica.&nbsp;<\/p>\n\n\n\n<p>Finalmente, en la rueda de prensa del evento, a realizarse el lunes 21 de febrero a las 11:30 AM en el terminal de cruceros de TPM Manta, se har\u00e1 el anuncio de dos Heats modalidad \u2018\u2019 Clash of the Icons\u2019\u2019 entre leyendes del surf de Manabi e invitados especiales.<\/p>\n","protected":false},"excerpt":{"rendered":"<p>Manta ser\u00e1 la sede de la primera fecha valida del circuito nacional de Surf a realizarse en la emblem\u00e1tica playa \u201c El Murci\u00e9lago\u201d\u00a0 punto de surf alado de la Terminal Portuaria de Manta TPM, desde el\u00a0 22 al 23 de febrero pr\u00f3ximo,\u00a0 seg\u00fan lo anuncio el titular de la Federaci\u00f3n Ecuatoriana de Surf,\u00a0 Ing. Bernardo Arosemena Olsen y el Comit\u00e9 Organizador del evento\u00a0<\/p>\n","protected":false},"author":1,"featured_media":15171,"comment_status":"open","ping_status":"open","sticky":false,"template":"","format":"standard","meta":{"footnotes":""},"categories":[83],"tags":[23],"class_list":["post-15170","post","type-post","status-publish","format-standard","has-post-thumbnail","hentry","category-sucesos","tag-ecuador"],"_links":{"self":[{"href":"https:\/\/elmercuriomanta.ec\/index.php\/wp-json\/wp\/v2\/posts\/15170","targetHints":{"allow":["GET"]}}],"collection":[{"href":"https:\/\/elmercuriomanta.ec\/index.php\/wp-json\/wp\/v2\/posts"}],"about":[{"href":"https:\/\/elmercuriomanta.ec\/index.php\/wp-json\/wp\/v2\/types\/post"}],"author":[{"embeddable":true,"href":"https:\/\/elmercuriomanta.ec\/index.php\/wp-json\/wp\/v2\/users\/1"}],"replies":[{"embeddable":true,"href":"https:\/\/elmercuriomanta.ec\/index.php\/wp-json\/wp\/v2\/comments?post=15170"}],"version-history":[{"count":1,"href":"https:\/\/elmercuriomanta.ec\/index.php\/wp-json\/wp\/v2\/posts\/15170\/revisions"}],"predecessor-version":[{"id":15172,"href":"https:\/\/elmercuriomanta.ec\/index.php\/wp-json\/wp\/v2\/posts\/15170\/revisions\/15172"}],"wp:featuredmedia":[{"embeddable":true,"href":"https:\/\/elmercuriomanta.ec\/index.php\/wp-json\/wp\/v2\/media\/15171"}],"wp:attachment":[{"href":"https:\/\/elmercuriomanta.ec\/index.php\/wp-json\/wp\/v2\/media?parent=15170"}],"wp:term":[{"taxonomy":"category","embeddable":true,"href":"https:\/\/elmercuriomanta.ec\/index.php\/wp-json\/wp\/v2\/categories?post=15170"},{"taxonomy":"post_tag","embeddable":true,"href":"https:\/\/elmercuriomanta.ec\/index.php\/wp-json\/wp\/v2\/tags?post=15170"}],"curies":[{"name":"wp","href":"https:\/\/api.w.org\/{rel}","templated":true}]}}