{"id":14825,"date":"2024-02-08T16:31:11","date_gmt":"2024-02-08T21:31:11","guid":{"rendered":"https:\/\/elmercuriomanta.ec\/?p=14825"},"modified":"2024-02-08T16:31:13","modified_gmt":"2024-02-08T21:31:13","slug":"el-plan-habitacional-que-busco-la-inclusion","status":"publish","type":"post","link":"https:\/\/elmercuriomanta.ec\/index.php\/2024\/02\/08\/el-plan-habitacional-que-busco-la-inclusion\/","title":{"rendered":"El plan habitacional que busc\u00f3 la inclusi\u00f3n"},"content":{"rendered":"\n<div class=\"wp-block-columns is-layout-flex wp-container-core-columns-is-layout-28f84493 wp-block-columns-is-layout-flex\">\n<div class=\"wp-block-column is-layout-flow wp-block-column-is-layout-flow\">\n<figure class=\"wp-block-image size-large is-resized\"><img fetchpriority=\"high\" decoding=\"async\" width=\"768\" height=\"1024\" src=\"https:\/\/elmercuriomanta.ec\/wp-content\/uploads\/2024\/02\/WhatsApp-Image-2024-02-01-at-15.37.28-1-768x1024.jpeg\" alt=\"\" class=\"wp-image-14827\" style=\"width:209px;height:auto\" srcset=\"https:\/\/elmercuriomanta.ec\/wp-content\/uploads\/2024\/02\/WhatsApp-Image-2024-02-01-at-15.37.28-1-768x1024.jpeg 768w, https:\/\/elmercuriomanta.ec\/wp-content\/uploads\/2024\/02\/WhatsApp-Image-2024-02-01-at-15.37.28-1-225x300.jpeg 225w, https:\/\/elmercuriomanta.ec\/wp-content\/uploads\/2024\/02\/WhatsApp-Image-2024-02-01-at-15.37.28-1-1152x1536.jpeg 1152w, https:\/\/elmercuriomanta.ec\/wp-content\/uploads\/2024\/02\/WhatsApp-Image-2024-02-01-at-15.37.28-1.jpeg 1200w\" sizes=\"(max-width: 768px) 100vw, 768px\" \/><\/figure>\n<\/div>\n\n\n\n<div class=\"wp-block-column is-layout-flow wp-block-column-is-layout-flow\">\n<figure class=\"wp-block-image size-large is-resized\"><img decoding=\"async\" width=\"768\" height=\"1024\" src=\"https:\/\/elmercuriomanta.ec\/wp-content\/uploads\/2024\/02\/WhatsApp-Image-2024-02-01-at-15.37.26-1-768x1024.jpeg\" alt=\"\" class=\"wp-image-14828\" style=\"width:200px;height:auto\" srcset=\"https:\/\/elmercuriomanta.ec\/wp-content\/uploads\/2024\/02\/WhatsApp-Image-2024-02-01-at-15.37.26-1-768x1024.jpeg 768w, https:\/\/elmercuriomanta.ec\/wp-content\/uploads\/2024\/02\/WhatsApp-Image-2024-02-01-at-15.37.26-1-225x300.jpeg 225w, https:\/\/elmercuriomanta.ec\/wp-content\/uploads\/2024\/02\/WhatsApp-Image-2024-02-01-at-15.37.26-1-1152x1536.jpeg 1152w, https:\/\/elmercuriomanta.ec\/wp-content\/uploads\/2024\/02\/WhatsApp-Image-2024-02-01-at-15.37.26-1.jpeg 1200w\" sizes=\"(max-width: 768px) 100vw, 768px\" \/><\/figure>\n<\/div>\n<\/div>\n\n\n\n<p>Historia<\/p>\n\n\n\n<p>El plan habitacional Sivivienda surgi\u00f3 a partir de una iniciativa de la Municipalidad durante el mandato de Jaime Estrada en el a\u00f1o 2012-2013. Este proyecto ha beneficiado a 350 familias con discapacidad en el \u00e1rea, dot\u00e1ndolas con equipamiento de acuerdo con sus necesidades. El sector abarca seis manzanas numeradas del 1 al 6 y tiene una poblaci\u00f3n de entre 3,400 y 3,500 personas. Pertenece a la parroquia Tarqui<\/p>\n\n\n\n<p>En abril de 2016, algunas personas fueron trasladadas, debido a un terremoto que sacudi\u00f3 la provincia. Sus l\u00edmites abarcan desde el Barrio Azteca hasta Ceibo Renacer.<\/p>\n\n\n\n<p>Obras<\/p>\n\n\n\n<p>Este sector cuenta con los servicios b\u00e1sicos, sin embargo, estos a\u00fan tienen deficiencias y llegan con problemas. Asimismo, cuentan con un \u00e1rea comunitaria.<\/p>\n\n\n\n<div class=\"wp-block-columns is-layout-flex wp-container-core-columns-is-layout-28f84493 wp-block-columns-is-layout-flex\">\n<div class=\"wp-block-column is-layout-flow wp-block-column-is-layout-flow\">\n<figure class=\"wp-block-image size-large is-resized\"><img decoding=\"async\" width=\"768\" height=\"1024\" src=\"https:\/\/elmercuriomanta.ec\/wp-content\/uploads\/2024\/02\/WhatsApp-Image-2024-02-01-at-15.37.26-2-768x1024.jpeg\" alt=\"\" class=\"wp-image-14829\" style=\"width:276px;height:auto\" srcset=\"https:\/\/elmercuriomanta.ec\/wp-content\/uploads\/2024\/02\/WhatsApp-Image-2024-02-01-at-15.37.26-2-768x1024.jpeg 768w, https:\/\/elmercuriomanta.ec\/wp-content\/uploads\/2024\/02\/WhatsApp-Image-2024-02-01-at-15.37.26-2-225x300.jpeg 225w, https:\/\/elmercuriomanta.ec\/wp-content\/uploads\/2024\/02\/WhatsApp-Image-2024-02-01-at-15.37.26-2-1152x1536.jpeg 1152w, https:\/\/elmercuriomanta.ec\/wp-content\/uploads\/2024\/02\/WhatsApp-Image-2024-02-01-at-15.37.26-2.jpeg 1200w\" sizes=\"(max-width: 768px) 100vw, 768px\" \/><\/figure>\n<\/div>\n\n\n\n<div class=\"wp-block-column is-layout-flow wp-block-column-is-layout-flow\">\n<figure class=\"wp-block-image size-large is-resized\"><img loading=\"lazy\" decoding=\"async\" width=\"768\" height=\"1024\" src=\"https:\/\/elmercuriomanta.ec\/wp-content\/uploads\/2024\/02\/WhatsApp-Image-2024-02-01-at-15.37.26-3-768x1024.jpeg\" alt=\"\" class=\"wp-image-14830\" style=\"width:272px;height:auto\" srcset=\"https:\/\/elmercuriomanta.ec\/wp-content\/uploads\/2024\/02\/WhatsApp-Image-2024-02-01-at-15.37.26-3-768x1024.jpeg 768w, https:\/\/elmercuriomanta.ec\/wp-content\/uploads\/2024\/02\/WhatsApp-Image-2024-02-01-at-15.37.26-3-225x300.jpeg 225w, https:\/\/elmercuriomanta.ec\/wp-content\/uploads\/2024\/02\/WhatsApp-Image-2024-02-01-at-15.37.26-3-1152x1536.jpeg 1152w, https:\/\/elmercuriomanta.ec\/wp-content\/uploads\/2024\/02\/WhatsApp-Image-2024-02-01-at-15.37.26-3.jpeg 1200w\" sizes=\"(max-width: 768px) 100vw, 768px\" \/><\/figure>\n<\/div>\n<\/div>\n\n\n\n<p>\u00bfManta tendr\u00eda una nueva parroquia? <\/p>\n\n\n\n<p>El presidente de Sivivienda ha mencionado que actualmente est\u00e1n en di\u00e1logo y reuniendo los requisitos necesarios para solicitar la creaci\u00f3n de una nueva parroquia que incluir\u00eda sectores aleda\u00f1os. Esta iniciativa surge a ra\u00edz de la percepci\u00f3n de que, al pertenecer a la parroquia Tarqui, su asignaci\u00f3n presupuestaria es limitada debido a que no son considerados como una prioridad. La intenci\u00f3n es crear recursos adicionales para el sector. La parroquia propuesta llevar\u00eda el nombre de Canceb\u00ed y estar\u00eda compuesta por Urbirrios 2, Ceibo Renacer, Palo Santo y Sivivienda.<\/p>\n\n\n\n<p>Necesidades<\/p>\n\n\n\n<p>En la actualidad, enfrentan dificultades con el suministro de agua potable, ya que dos d\u00edas a la semana no llega agua. A pesar de esto, cuentan con un \u00e1rea comunitaria propia pero no tienen presencia policial. Otra de sus deficiencias es la iluminaci\u00f3n, sin embargo, se est\u00e1 trabajando para solucionar este problema.<\/p>\n\n\n\n<p>Su presidente Abg. Jhonny Briones Alc\u00edvar comenta que necesitan obras esenciales, como la construcci\u00f3n de un nuevo colegio y un centro de salud. Adem\u00e1s, dice que ha tenido inconvenientes al solicitar permisos para eventos en Sivivienda, ya que el Municipio ha indicado que no pertenecen a Manta, sino a Montecristi, a pesar de que el nombre del proyecto especifica que se encuentra en la ciudad, de la misma forma recalca que ellos pagan impuestos y obtuvieron las escrituras en Manta por lo que tienen derechos.<\/p>\n\n\n\n<p>Briones pide a sus vecinos que conf\u00eden en que las cosas van a cambiar y que tengan fe en que las autoridades no los olvidar\u00e1n. Asimismo, pide al Municipio recordar las propuestas que prometieron durante la campa\u00f1a y que las cumplan.<\/p>\n","protected":false},"excerpt":{"rendered":"<p>El plan habitacional Sivivienda surgi\u00f3 a partir de una iniciativa de la Municipalidad durante el mandato de Jaime Estrada en el a\u00f1o 2012-2013. <\/p>\n","protected":false},"author":1,"featured_media":14828,"comment_status":"open","ping_status":"open","sticky":false,"template":"","format":"standard","meta":{"footnotes":""},"categories":[83,1],"tags":[87,86],"class_list":["post-14825","post","type-post","status-publish","format-standard","has-post-thumbnail","hentry","category-sucesos","category-uncategorized","tag-el-mercurio-en-los-barrios","tag-en-tu-barrio"],"_links":{"self":[{"href":"https:\/\/elmercuriomanta.ec\/index.php\/wp-json\/wp\/v2\/posts\/14825","targetHints":{"allow":["GET"]}}],"collection":[{"href":"https:\/\/elmercuriomanta.ec\/index.php\/wp-json\/wp\/v2\/posts"}],"about":[{"href":"https:\/\/elmercuriomanta.ec\/index.php\/wp-json\/wp\/v2\/types\/post"}],"author":[{"embeddable":true,"href":"https:\/\/elmercuriomanta.ec\/index.php\/wp-json\/wp\/v2\/users\/1"}],"replies":[{"embeddable":true,"href":"https:\/\/elmercuriomanta.ec\/index.php\/wp-json\/wp\/v2\/comments?post=14825"}],"version-history":[{"count":2,"href":"https:\/\/elmercuriomanta.ec\/index.php\/wp-json\/wp\/v2\/posts\/14825\/revisions"}],"predecessor-version":[{"id":14831,"href":"https:\/\/elmercuriomanta.ec\/index.php\/wp-json\/wp\/v2\/posts\/14825\/revisions\/14831"}],"wp:featuredmedia":[{"embeddable":true,"href":"https:\/\/elmercuriomanta.ec\/index.php\/wp-json\/wp\/v2\/media\/14828"}],"wp:attachment":[{"href":"https:\/\/elmercuriomanta.ec\/index.php\/wp-json\/wp\/v2\/media?parent=14825"}],"wp:term":[{"taxonomy":"category","embeddable":true,"href":"https:\/\/elmercuriomanta.ec\/index.php\/wp-json\/wp\/v2\/categories?post=14825"},{"taxonomy":"post_tag","embeddable":true,"href":"https:\/\/elmercuriomanta.ec\/index.php\/wp-json\/wp\/v2\/tags?post=14825"}],"curies":[{"name":"wp","href":"https:\/\/api.w.org\/{rel}","templated":true}]}}