{"id":14761,"date":"2024-02-08T10:15:21","date_gmt":"2024-02-08T15:15:21","guid":{"rendered":"https:\/\/elmercuriomanta.ec\/?p=14761"},"modified":"2024-02-08T10:15:23","modified_gmt":"2024-02-08T15:15:23","slug":"socializan-primer-festival-mundial-del-atun","status":"publish","type":"post","link":"https:\/\/elmercuriomanta.ec\/index.php\/2024\/02\/08\/socializan-primer-festival-mundial-del-atun\/","title":{"rendered":"Socializan primer festival mundial del at\u00fan"},"content":{"rendered":"\n<figure class=\"wp-block-image aligncenter size-full is-resized\"><img fetchpriority=\"high\" decoding=\"async\" width=\"459\" height=\"268\" src=\"https:\/\/elmercuriomanta.ec\/wp-content\/uploads\/2024\/02\/image-96.png\" alt=\"\" class=\"wp-image-14762\" style=\"width:421px;height:auto\" srcset=\"https:\/\/elmercuriomanta.ec\/wp-content\/uploads\/2024\/02\/image-96.png 459w, https:\/\/elmercuriomanta.ec\/wp-content\/uploads\/2024\/02\/image-96-300x175.png 300w\" sizes=\"(max-width: 459px) 100vw, 459px\" \/><\/figure>\n\n\n\n<p>Manta tendr\u00e1 su Primer Festival Mundial del At\u00fan a realizarse desde el 29 de abril hasta el 5 de mayo pr\u00f3ximo, en diferentes lugares de la ciudad. Este evento, que se celebrar\u00e1 a prop\u00f3sito del D\u00eda Mundial del At\u00fan que es el 2 de mayo, fue presentado por el concejal Luis Guevara Mac\u00edas a los directivos de la C\u00e1mara de Comercio de Manta (CCM).<\/p>\n\n\n\n<p>&nbsp;Se trata de un festival que se inici\u00f3 como un proyecto y que ahora es socializado ante diferentes instituciones. Guevara en su exposici\u00f3n dijo que el objetivo es impulsar el turismo en la ciudad y empoderar a Manta como la Capital Mundial del At\u00fan. En esa semana del certamen habr\u00e1 concursos de viscerado de at\u00fan, escultura de at\u00fan en la arena, pinturas, torneo de pesca de at\u00fan y oratoria. La gastronom\u00eda tambi\u00e9n tendr\u00e1 su espacio con productos elaborados con at\u00fan como viche, corviche, apanado, encebollado, ceviche, hornado, estofado, etc\u00e9tera.&nbsp;<\/p>\n\n\n\n<p>El concejal Guevara anunci\u00f3 que tambi\u00e9n habr\u00e1 stands de empresas de productos derivados del at\u00fan, festival musical, exhibici\u00f3n de serigraf\u00eda en gorras, camisetas, productos relacionados con el at\u00fan y m\u00e1s; asimismo, jornadas acad\u00e9micas relacionadas con la captura, proceso y conservaci\u00f3n del at\u00fan. Habr\u00e1 carrera deportiva 5k.&nbsp;<\/p>\n\n\n\n<p>Participar\u00e1n colaboradores de empresas pesqueras y p\u00fablico en general. Guevara tambi\u00e9n socializ\u00f3 el traspaso del monumento El Pescador, para una mejor visibilidad tur\u00edstica, al redondel de Playita M\u00eda. Los directores de la CCM, Mar\u00eda Esther Asanza, Ramiro Larrea, Aurora Valle y Oswaldo Bravo, felicitaron por este plan. Bravo destac\u00f3 que al ser Manta la Capital del At\u00fan \u201ccreo que es urgente desarrollar una ordenanza exclusivamente para estas actividades, donde se elabore una agenda todos los a\u00f1os, que se deba al festival del at\u00fan\u201d. El socio de la instituci\u00f3n, Juan Jos\u00e9 G\u00f3mez, refiri\u00f3 que este festival es tambi\u00e9n reactivaci\u00f3n para los negocios.<\/p>\n","protected":false},"excerpt":{"rendered":"<p>Manta tendr\u00e1 su Primer Festival Mundial del At\u00fan a realizarse desde el 29 de abril hasta el 5 de mayo pr\u00f3ximo, en diferentes lugares de la ciudad. Este evento, que se celebrar\u00e1 a prop\u00f3sito del D\u00eda Mundial del At\u00fan que es el 2 de mayo, fue presentado por el concejal Luis Guevara Mac\u00edas a los directivos de la C\u00e1mara de Comercio de Manta (CCM).<\/p>\n","protected":false},"author":1,"featured_media":14762,"comment_status":"open","ping_status":"open","sticky":false,"template":"","format":"standard","meta":{"footnotes":""},"categories":[21,83],"tags":[38],"class_list":["post-14761","post","type-post","status-publish","format-standard","has-post-thumbnail","hentry","category-noticia-del-dia","category-sucesos","tag-manta"],"_links":{"self":[{"href":"https:\/\/elmercuriomanta.ec\/index.php\/wp-json\/wp\/v2\/posts\/14761","targetHints":{"allow":["GET"]}}],"collection":[{"href":"https:\/\/elmercuriomanta.ec\/index.php\/wp-json\/wp\/v2\/posts"}],"about":[{"href":"https:\/\/elmercuriomanta.ec\/index.php\/wp-json\/wp\/v2\/types\/post"}],"author":[{"embeddable":true,"href":"https:\/\/elmercuriomanta.ec\/index.php\/wp-json\/wp\/v2\/users\/1"}],"replies":[{"embeddable":true,"href":"https:\/\/elmercuriomanta.ec\/index.php\/wp-json\/wp\/v2\/comments?post=14761"}],"version-history":[{"count":1,"href":"https:\/\/elmercuriomanta.ec\/index.php\/wp-json\/wp\/v2\/posts\/14761\/revisions"}],"predecessor-version":[{"id":14763,"href":"https:\/\/elmercuriomanta.ec\/index.php\/wp-json\/wp\/v2\/posts\/14761\/revisions\/14763"}],"wp:featuredmedia":[{"embeddable":true,"href":"https:\/\/elmercuriomanta.ec\/index.php\/wp-json\/wp\/v2\/media\/14762"}],"wp:attachment":[{"href":"https:\/\/elmercuriomanta.ec\/index.php\/wp-json\/wp\/v2\/media?parent=14761"}],"wp:term":[{"taxonomy":"category","embeddable":true,"href":"https:\/\/elmercuriomanta.ec\/index.php\/wp-json\/wp\/v2\/categories?post=14761"},{"taxonomy":"post_tag","embeddable":true,"href":"https:\/\/elmercuriomanta.ec\/index.php\/wp-json\/wp\/v2\/tags?post=14761"}],"curies":[{"name":"wp","href":"https:\/\/api.w.org\/{rel}","templated":true}]}}