{"id":14663,"date":"2024-02-06T10:05:45","date_gmt":"2024-02-06T15:05:45","guid":{"rendered":"https:\/\/elmercuriomanta.ec\/?p=14663"},"modified":"2024-02-06T10:05:46","modified_gmt":"2024-02-06T15:05:46","slug":"incendios-que-dejan-mas-de-100-muertos","status":"publish","type":"post","link":"https:\/\/elmercuriomanta.ec\/index.php\/2024\/02\/06\/incendios-que-dejan-mas-de-100-muertos\/","title":{"rendered":"Incendios que dejan m\u00e1s de 100 muertos"},"content":{"rendered":"\n<figure class=\"wp-block-image aligncenter size-full is-resized\"><img fetchpriority=\"high\" decoding=\"async\" width=\"640\" height=\"360\" src=\"https:\/\/elmercuriomanta.ec\/wp-content\/uploads\/2024\/02\/image-79.png\" alt=\"\" class=\"wp-image-14669\" style=\"width:425px;height:auto\" srcset=\"https:\/\/elmercuriomanta.ec\/wp-content\/uploads\/2024\/02\/image-79.png 640w, https:\/\/elmercuriomanta.ec\/wp-content\/uploads\/2024\/02\/image-79-300x169.png 300w\" sizes=\"(max-width: 640px) 100vw, 640px\" \/><\/figure>\n\n\n\n<p>Ha sido calificada como una de las tragedias m\u00e1s grandes que Chile ha vivido en las \u00faltimas d\u00e9cadas. Con m\u00e1s de 110 personas muertas y alrededor de 15.000 viviendas afectadas, el incendio que azot\u00f3 a la regi\u00f3n de Valpara\u00edso tiene al pa\u00eds sudamericano consternado. En dos de las ciudades m\u00e1s golpeadas, Vi\u00f1a del Mar y Quilpu\u00e9 -ubicadas a unos 120 kil\u00f3metros de la capital Santiago-, villas enteras quedaron hecha cenizas. Las im\u00e1genes son desoladoras. Cientos de personas perdieron sus casas y ahora intentan recuperar entre los escombros algunas de sus pertenencias. El propio presidente, Gabriel Boric, ha llamado a recopilar \u201ctoda la informaci\u00f3n\u201d sobre el origen de los incendios.<\/p>\n\n\n\n<p>\u201cResulta dif\u00edcil pensar que pudieran existir personas tan miserables y desalmadas capaces de causar tanta muerte y dolor\u201d, indic\u00f3. \u201cPero si estas personas existen, las vamos buscar, las vamos a encontrar y tendr\u00e1n que enfrentar no solamente el repudio de la sociedad entera, sino tambi\u00e9n todo el peso del derecho y de la ley\u201d, agreg\u00f3. Aunque los grandes incendios no son un fen\u00f3meno nuevo en Chile -ya ha vivido a\u00f1os cr\u00edticos en 2014, 2017 y en 2023, entre otros- este \u00faltimo tiene una dimensi\u00f3n sin precedentes por el n\u00famero de v\u00edctimas. Uno de los factores que m\u00e1s ha llamado la atenci\u00f3n es la rapidez con que los incendios se propagaron. \u201cEn solo 10 minutos, el fuego estaba con nosotros. Hab\u00eda humo, el cielo se volvi\u00f3 negro y todo estaba oscuro. El viento era como un hurac\u00e1n. Era como estar en el infierno\u201d, dijo a la prensa local una mujer que estaba en una de las zonas afectadas.<\/p>\n","protected":false},"excerpt":{"rendered":"<p>Ha sido calificada como una de las tragedias m\u00e1s grandes que Chile ha vivido en las \u00faltimas d\u00e9cadas. Con m\u00e1s de 110 personas muertas y alrededor de 15.000 viviendas afectadas, el incendio que azot\u00f3 a la regi\u00f3n de Valpara\u00edso tiene al pa\u00eds sudamericano consternado. En dos de las ciudades m\u00e1s golpeadas, Vi\u00f1a del Mar y Quilpu\u00e9 -ubicadas a unos 120 kil\u00f3metros de la capital Santiago-, villas enteras quedaron hecha cenizas. Las im\u00e1genes son desoladoras. Cientos de personas perdieron sus casas y ahora intentan recuperar entre los escombros algunas de sus pertenencias. El propio presidente, Gabriel Boric, ha llamado a recopilar \u201ctoda la informaci\u00f3n\u201d sobre el origen de los incendios.<\/p>\n<p>\u201cResulta dif\u00edcil pensar que pudieran existir personas tan miserables y desalmadas capaces de causar tanta muerte y dolor\u201d, indic\u00f3. \u201cPero si estas personas existen, las vamos buscar, las vamos a encontrar y tendr\u00e1n que enfrentar no solamente el repudio de la sociedad entera, sino tambi\u00e9n todo el peso del derecho y de la ley\u201d, agreg\u00f3. Aunque los grandes incendios no son un fen\u00f3meno nuevo en Chile -ya ha vivido a\u00f1os cr\u00edticos en 2014, 2017 y en 2023, entre otros- este \u00faltimo tiene una dimensi\u00f3n sin precedentes por el n\u00famero de v\u00edctimas. Uno de los factores que m\u00e1s ha llamado la atenci\u00f3n es la rapidez con que los incendios se propagaron. \u201cEn solo 10 minutos, el fuego estaba con nosotros. Hab\u00eda humo, el cielo se volvi\u00f3 negro y todo estaba oscuro. El viento era como un hurac\u00e1n. Era como estar en el infierno\u201d, dijo a la prensa local una mujer que estaba en una de las zonas afectadas.<\/p>\n","protected":false},"author":1,"featured_media":14669,"comment_status":"open","ping_status":"open","sticky":false,"template":"","format":"standard","meta":{"footnotes":""},"categories":[8],"tags":[],"class_list":["post-14663","post","type-post","status-publish","format-standard","has-post-thumbnail","hentry","category-internacional"],"_links":{"self":[{"href":"https:\/\/elmercuriomanta.ec\/index.php\/wp-json\/wp\/v2\/posts\/14663","targetHints":{"allow":["GET"]}}],"collection":[{"href":"https:\/\/elmercuriomanta.ec\/index.php\/wp-json\/wp\/v2\/posts"}],"about":[{"href":"https:\/\/elmercuriomanta.ec\/index.php\/wp-json\/wp\/v2\/types\/post"}],"author":[{"embeddable":true,"href":"https:\/\/elmercuriomanta.ec\/index.php\/wp-json\/wp\/v2\/users\/1"}],"replies":[{"embeddable":true,"href":"https:\/\/elmercuriomanta.ec\/index.php\/wp-json\/wp\/v2\/comments?post=14663"}],"version-history":[{"count":1,"href":"https:\/\/elmercuriomanta.ec\/index.php\/wp-json\/wp\/v2\/posts\/14663\/revisions"}],"predecessor-version":[{"id":14671,"href":"https:\/\/elmercuriomanta.ec\/index.php\/wp-json\/wp\/v2\/posts\/14663\/revisions\/14671"}],"wp:featuredmedia":[{"embeddable":true,"href":"https:\/\/elmercuriomanta.ec\/index.php\/wp-json\/wp\/v2\/media\/14669"}],"wp:attachment":[{"href":"https:\/\/elmercuriomanta.ec\/index.php\/wp-json\/wp\/v2\/media?parent=14663"}],"wp:term":[{"taxonomy":"category","embeddable":true,"href":"https:\/\/elmercuriomanta.ec\/index.php\/wp-json\/wp\/v2\/categories?post=14663"},{"taxonomy":"post_tag","embeddable":true,"href":"https:\/\/elmercuriomanta.ec\/index.php\/wp-json\/wp\/v2\/tags?post=14663"}],"curies":[{"name":"wp","href":"https:\/\/api.w.org\/{rel}","templated":true}]}}