{"id":14588,"date":"2024-02-05T10:42:23","date_gmt":"2024-02-05T15:42:23","guid":{"rendered":"https:\/\/elmercuriomanta.ec\/?p=14588"},"modified":"2024-02-05T10:42:25","modified_gmt":"2024-02-05T15:42:25","slug":"bancos-privados-rechazan-propuesta-de-contribucion-temporal","status":"publish","type":"post","link":"https:\/\/elmercuriomanta.ec\/index.php\/2024\/02\/05\/bancos-privados-rechazan-propuesta-de-contribucion-temporal\/","title":{"rendered":"Bancos privados rechazan propuesta de contribuci\u00f3n temporal\u00a0"},"content":{"rendered":"\n<figure class=\"wp-block-image aligncenter size-large is-resized\"><img fetchpriority=\"high\" decoding=\"async\" width=\"1024\" height=\"512\" src=\"https:\/\/elmercuriomanta.ec\/wp-content\/uploads\/2024\/02\/image-65-1024x512.png\" alt=\"\" class=\"wp-image-14589\" style=\"width:413px;height:auto\" srcset=\"https:\/\/elmercuriomanta.ec\/wp-content\/uploads\/2024\/02\/image-65-1024x512.png 1024w, https:\/\/elmercuriomanta.ec\/wp-content\/uploads\/2024\/02\/image-65-300x150.png 300w, https:\/\/elmercuriomanta.ec\/wp-content\/uploads\/2024\/02\/image-65-768x384.png 768w, https:\/\/elmercuriomanta.ec\/wp-content\/uploads\/2024\/02\/image-65.png 1200w\" sizes=\"(max-width: 1024px) 100vw, 1024px\" \/><\/figure>\n\n\n\n<p>La Asociaci\u00f3n de Bancos Privados del Ecuador (Asobanca) expres\u00f3 su rechazo a la propuesta de contribuci\u00f3n temporal de utilidades para bancos y cooperativas de ahorro y cr\u00e9dito, tomando en cuenta el ejercicio fiscal 2023, desde el 5 % al 25 %, en el proyecto de Ley para Enfrentar El Conflicto Armado Interno, la Crisis Social y Econ\u00f3mica.<\/p>\n\n\n\n<p>&nbsp;\u201cSe planea una contribuci\u00f3n al sector productivo en general, pero a la banca se le pretende dar un trato distinto y discriminatorio\u201d, se\u00f1alan. Esta reforma tributaria, de car\u00e1cter econ\u00f3mico urgente, se discutir\u00e1 en segundo debate por la Asamblea Nacional este martes 6 de febrero, en el que tambi\u00e9n se definir\u00e1 si se incrementa el IVA al 13 % de manera permanente, pero tendr\u00eda una alza del 15 % hasta 2025.<\/p>\n\n\n\n<p>&nbsp;Asobanca indica que por dos ocasiones no fueron recibidos a comparecer en el seno de la Comisi\u00f3n de Desarrollo Econ\u00f3mico, encargada de elaborar los informes de esta ley, por lo que consideran que afectaron el derecho de expresar sus argumentos y preocupaciones. La asociaci\u00f3n tambi\u00e9n indica que le restaron oportunidades para \u201calertar sobre el pernicioso da\u00f1o que el proyecto generar\u00e1 en el acceso a cr\u00e9dito a miles de empresas y familias ecuatorianas\u201d. Enfatizan que el sistema bancario es el m\u00e1s regulado de la econom\u00eda, y el que m\u00e1s impuestos paga al Estado en relaci\u00f3n con su tama\u00f1o.&nbsp;<\/p>\n\n\n\n<p>\u201cAlgunos pol\u00edticos suelen olvidar que, el dinero depositado en los bancos no les pertenece a los banqueros. Sus due\u00f1os son los millones de depositantes que conf\u00edan en la labor responsable y prudente del sistema financiero y merecen todo el respeto y las debidas seguridades\u201d, apuntaron, a trav\u00e9s de un comunicado. Aseveran que de aprobarse esta ley, la carga fiscal de su sector se elevar\u00e1 al 76 %, y esto tendr\u00e1n la consecuencia de reducir su capacidad de generar cr\u00e9dito en un valor cercano a USD 4 000 millones de d\u00f3lares, lo que impactar\u00eda al financiamiento de los ecuatorianos. \u201cCon menos cr\u00e9dito, habr\u00e1 menos empleo, menos oportunidades para todos, menor crecimiento econ\u00f3mico e ir\u00f3nicamente menos recaudaci\u00f3n tributaria\u201d, se\u00f1alaron.<\/p>\n","protected":false},"excerpt":{"rendered":"<p>La Asociaci\u00f3n de Bancos Privados del Ecuador (Asobanca) expres\u00f3 su rechazo a la propuesta de contribuci\u00f3n temporal de utilidades para bancos y cooperativas de ahorro y cr\u00e9dito, tomando en cuenta el ejercicio fiscal 2023, desde el 5 % al 25 %, en el proyecto de Ley para Enfrentar El Conflicto Armado Interno, la Crisis Social y Econ\u00f3mica.<\/p>\n","protected":false},"author":1,"featured_media":14589,"comment_status":"open","ping_status":"open","sticky":false,"template":"","format":"standard","meta":{"footnotes":""},"categories":[1],"tags":[23],"class_list":["post-14588","post","type-post","status-publish","format-standard","has-post-thumbnail","hentry","category-uncategorized","tag-ecuador"],"_links":{"self":[{"href":"https:\/\/elmercuriomanta.ec\/index.php\/wp-json\/wp\/v2\/posts\/14588","targetHints":{"allow":["GET"]}}],"collection":[{"href":"https:\/\/elmercuriomanta.ec\/index.php\/wp-json\/wp\/v2\/posts"}],"about":[{"href":"https:\/\/elmercuriomanta.ec\/index.php\/wp-json\/wp\/v2\/types\/post"}],"author":[{"embeddable":true,"href":"https:\/\/elmercuriomanta.ec\/index.php\/wp-json\/wp\/v2\/users\/1"}],"replies":[{"embeddable":true,"href":"https:\/\/elmercuriomanta.ec\/index.php\/wp-json\/wp\/v2\/comments?post=14588"}],"version-history":[{"count":1,"href":"https:\/\/elmercuriomanta.ec\/index.php\/wp-json\/wp\/v2\/posts\/14588\/revisions"}],"predecessor-version":[{"id":14590,"href":"https:\/\/elmercuriomanta.ec\/index.php\/wp-json\/wp\/v2\/posts\/14588\/revisions\/14590"}],"wp:featuredmedia":[{"embeddable":true,"href":"https:\/\/elmercuriomanta.ec\/index.php\/wp-json\/wp\/v2\/media\/14589"}],"wp:attachment":[{"href":"https:\/\/elmercuriomanta.ec\/index.php\/wp-json\/wp\/v2\/media?parent=14588"}],"wp:term":[{"taxonomy":"category","embeddable":true,"href":"https:\/\/elmercuriomanta.ec\/index.php\/wp-json\/wp\/v2\/categories?post=14588"},{"taxonomy":"post_tag","embeddable":true,"href":"https:\/\/elmercuriomanta.ec\/index.php\/wp-json\/wp\/v2\/tags?post=14588"}],"curies":[{"name":"wp","href":"https:\/\/api.w.org\/{rel}","templated":true}]}}