{"id":14581,"date":"2024-02-05T10:38:14","date_gmt":"2024-02-05T15:38:14","guid":{"rendered":"https:\/\/elmercuriomanta.ec\/?p=14581"},"modified":"2024-02-05T10:38:16","modified_gmt":"2024-02-05T15:38:16","slug":"ley-para-incrementar-el-iva-llegara-con-tres-informes-al-pleno","status":"publish","type":"post","link":"https:\/\/elmercuriomanta.ec\/index.php\/2024\/02\/05\/ley-para-incrementar-el-iva-llegara-con-tres-informes-al-pleno\/","title":{"rendered":"Ley para incrementar el IVA llegar\u00e1 con tres informes al pleno"},"content":{"rendered":"\n<figure class=\"wp-block-image aligncenter size-large is-resized\"><img fetchpriority=\"high\" decoding=\"async\" width=\"1024\" height=\"691\" src=\"https:\/\/elmercuriomanta.ec\/wp-content\/uploads\/2024\/02\/image-64-1024x691.png\" alt=\"\" class=\"wp-image-14582\" style=\"width:283px;height:auto\" srcset=\"https:\/\/elmercuriomanta.ec\/wp-content\/uploads\/2024\/02\/image-64-1024x691.png 1024w, https:\/\/elmercuriomanta.ec\/wp-content\/uploads\/2024\/02\/image-64-300x203.png 300w, https:\/\/elmercuriomanta.ec\/wp-content\/uploads\/2024\/02\/image-64-768x518.png 768w, https:\/\/elmercuriomanta.ec\/wp-content\/uploads\/2024\/02\/image-64.png 1200w\" sizes=\"(max-width: 1024px) 100vw, 1024px\" \/><\/figure>\n\n\n\n<p>Este martes, 6 de febrero de 2024, finalmente se conocer\u00e1 la suerte del proyecto econ\u00f3mico-urgente del Gobierno para incrementar el Impuesto al Valor Agregado (IVA). El presidente de la Asamblea, Henry Kronfle, convoc\u00f3 para las 09:30 la sesi\u00f3n para el segundo y definitivo debate.<\/p>\n\n\n\n<p>&nbsp;El proyecto de Ley Org\u00e1nica para enfrentar el Conflicto Armado Interno y la Crisis Social es la tercera iniciativa del Ejecutivo enviada a la Asamblea desde noviembre pasado. Contrario a lo que ocurri\u00f3 con los dos proyectos previos (Reforma Tributaria y Ley de Competitividad Energ\u00e9tica), esta vez no hay un acuerdo claro previo a la votaci\u00f3n.&nbsp;<\/p>\n\n\n\n<p>El incremento del impuesto ha generado la oposici\u00f3n de dos de las bancadas fuertes al interior de la Asamblea: Revoluci\u00f3n Ciudadana y Partido Social Cristiano (PSC). De hecho, ambas fuerzas pol\u00edticas presentaron informes de minor\u00eda en la Comisi\u00f3n de Desarrollo Econ\u00f3mico, mesa que tuvo a cargo el tratamiento del proyecto.&nbsp;<\/p>\n\n\n\n<p>El oficialista ADN insisti\u00f3 hasta el final con su propuesta de incrementar en tres puntos el IVA. Pero dos de esos puntos, solamente de forma temporal (hasta 2026). Tambi\u00e9n plante\u00f3 la creaci\u00f3n de un tributo a las ganancias extraordinarias de las empresas y uno para los bancos. Adicional, ADN se mostr\u00f3 a favor de que se incremente el Impuesto a la Salida de Divisas (ISD) que se redujo durante el gobierno del expresidente Guillermo Lasso.<\/p>\n","protected":false},"excerpt":{"rendered":"<p>Este martes, 6 de febrero de 2024, finalmente se conocer\u00e1 la suerte del proyecto econ\u00f3mico-urgente del Gobierno para incrementar el Impuesto al Valor Agregado (IVA). El presidente de la Asamblea, Henry Kronfle, convoc\u00f3 para las 09:30 la sesi\u00f3n para el segundo y definitivo debate.<\/p>\n","protected":false},"author":1,"featured_media":14582,"comment_status":"open","ping_status":"open","sticky":false,"template":"","format":"standard","meta":{"footnotes":""},"categories":[1],"tags":[22],"class_list":["post-14581","post","type-post","status-publish","format-standard","has-post-thumbnail","hentry","category-uncategorized","tag-politica"],"_links":{"self":[{"href":"https:\/\/elmercuriomanta.ec\/index.php\/wp-json\/wp\/v2\/posts\/14581","targetHints":{"allow":["GET"]}}],"collection":[{"href":"https:\/\/elmercuriomanta.ec\/index.php\/wp-json\/wp\/v2\/posts"}],"about":[{"href":"https:\/\/elmercuriomanta.ec\/index.php\/wp-json\/wp\/v2\/types\/post"}],"author":[{"embeddable":true,"href":"https:\/\/elmercuriomanta.ec\/index.php\/wp-json\/wp\/v2\/users\/1"}],"replies":[{"embeddable":true,"href":"https:\/\/elmercuriomanta.ec\/index.php\/wp-json\/wp\/v2\/comments?post=14581"}],"version-history":[{"count":1,"href":"https:\/\/elmercuriomanta.ec\/index.php\/wp-json\/wp\/v2\/posts\/14581\/revisions"}],"predecessor-version":[{"id":14586,"href":"https:\/\/elmercuriomanta.ec\/index.php\/wp-json\/wp\/v2\/posts\/14581\/revisions\/14586"}],"wp:featuredmedia":[{"embeddable":true,"href":"https:\/\/elmercuriomanta.ec\/index.php\/wp-json\/wp\/v2\/media\/14582"}],"wp:attachment":[{"href":"https:\/\/elmercuriomanta.ec\/index.php\/wp-json\/wp\/v2\/media?parent=14581"}],"wp:term":[{"taxonomy":"category","embeddable":true,"href":"https:\/\/elmercuriomanta.ec\/index.php\/wp-json\/wp\/v2\/categories?post=14581"},{"taxonomy":"post_tag","embeddable":true,"href":"https:\/\/elmercuriomanta.ec\/index.php\/wp-json\/wp\/v2\/tags?post=14581"}],"curies":[{"name":"wp","href":"https:\/\/api.w.org\/{rel}","templated":true}]}}