{"id":1445,"date":"2023-06-20T17:31:13","date_gmt":"2023-06-20T17:31:13","guid":{"rendered":"https:\/\/elmercuriomanta.ec\/?p=1445"},"modified":"2023-06-20T17:31:13","modified_gmt":"2023-06-20T17:31:13","slug":"perfil-presidencial-xavier-hervas","status":"publish","type":"post","link":"https:\/\/elmercuriomanta.ec\/index.php\/2023\/06\/20\/perfil-presidencial-xavier-hervas\/","title":{"rendered":"Perfil Presidencial: XAVIER HERVAS"},"content":{"rendered":"\n<figure class=\"wp-block-image aligncenter size-full\"><img fetchpriority=\"high\" decoding=\"async\" width=\"567\" height=\"567\" src=\"https:\/\/elmercuriomanta.ec\/wp-content\/uploads\/2023\/06\/image-117.png\" alt=\"\" class=\"wp-image-1446\" srcset=\"https:\/\/elmercuriomanta.ec\/wp-content\/uploads\/2023\/06\/image-117.png 567w, https:\/\/elmercuriomanta.ec\/wp-content\/uploads\/2023\/06\/image-117-300x300.png 300w, https:\/\/elmercuriomanta.ec\/wp-content\/uploads\/2023\/06\/image-117-150x150.png 150w\" sizes=\"(max-width: 567px) 100vw, 567px\" \/><\/figure>\n\n\n\n<p><strong>Biograf\u00eda<\/strong><\/p>\n\n\n\n<p>Marcelo Xavier Hervas Mora\u00a0naci\u00f3 en Guayaquil el\u00a07 de octubre\u00a0de\u00a01972, es un\u00a0empresario\u00a0y\u00a0pol\u00edtico\u00a0ecuatoriano. Es\u00a0hijo de Marcelo Hervas Silva, quien fue representante de Ecuador en la\u00a0Organizaci\u00f3n de los Estados Americanos\u00a0durante el gobierno de\u00a0Lucio Guti\u00e9rrez. Hervas es presidente de la empresa NovaAlimentos S.A.\u200b y fue candidato a la\u00a0presidencia del Ecuador\u00a0por el partido\u00a0Izquierda Democr\u00e1tica\u00a0en las\u00a0elecciones presidenciales de Ecuador de 2021. En 2023 corre otra vez por la presidencia de Ecuador de 2023, esta vez por el\u00a0movimiento RETO lista 33.<\/p>\n\n\n\n<figure class=\"wp-block-embed is-type-rich is-provider-twitter wp-block-embed-twitter\"><div class=\"wp-block-embed__wrapper\">\n<blockquote class=\"twitter-tweet\" data-width=\"550\" data-dnt=\"true\"><p lang=\"es\" dir=\"ltr\">Acepto el RETO para salvar al Ecuador \ud83c\uddea\ud83c\udde8 <a href=\"https:\/\/twitter.com\/hashtag\/SOS?src=hash&amp;ref_src=twsrc%5Etfw\">#SOS<\/a> <a href=\"https:\/\/t.co\/NspVEcn87z\">pic.twitter.com\/NspVEcn87z<\/a><\/p>&mdash; Xavier Hervas (@xhervas) <a href=\"https:\/\/twitter.com\/xhervas\/status\/1666547131618926599?ref_src=twsrc%5Etfw\">June 7, 2023<\/a><\/blockquote><script async src=\"https:\/\/platform.twitter.com\/widgets.js\" charset=\"utf-8\"><\/script>\n<\/div><\/figure>\n\n\n\n<p><strong>Estudios<\/strong><\/p>\n\n\n\n<p>Realiz\u00f3 parte de sus estudios en&nbsp;Polonia,&nbsp;Per\u00fa&nbsp;y&nbsp;Estados Unidos; se gradu\u00f3 de bachiller en&nbsp;Quito, donde actualmente reside.<\/p>\n\n\n\n<p>Estudi\u00f3 ingenier\u00eda en producci\u00f3n&nbsp;agroindustrial&nbsp;en la&nbsp;Universidad de La Sabana&nbsp;en&nbsp;Bogot\u00e1,&nbsp;Colombia, en donde fue elegido presidente de las facultades de ingenier\u00eda.<\/p>\n\n\n\n<p><strong>Pol\u00edtico<\/strong><\/p>\n\n\n\n<p>En el a\u00f1o 2020 se involucr\u00f3 en la pol\u00edtica, en ese a\u00f1o fue invitado por la&nbsp;Izquierda Democr\u00e1tica&nbsp;(ID) a ser su candidato presidencial para las&nbsp;elecciones de 2021, a pesar de no estar afiliado al partido en ese momento, aunque s\u00ed se autodefini\u00f3 como&nbsp;socialdem\u00f3crata. Fue la gran sorpresa de las elecciones quedando en cuarto lugar superando a candidatos pol\u00edticos con amplia trayectoria. <\/p>\n\n\n\n<p>El 20 de marzo de 2021 se afili\u00f3 oficialmente a la&nbsp;Izquierda Democr\u00e1tica, pero se desafilar\u00eda el 2 de agosto del a\u00f1o siguiente en medio de una disputa dentro de la organizaci\u00f3n pol\u00edtica. <\/p>\n\n\n\n<figure class=\"wp-block-image aligncenter size-large\"><img decoding=\"async\" width=\"724\" height=\"1024\" src=\"https:\/\/elmercuriomanta.ec\/wp-content\/uploads\/2023\/06\/image-118-724x1024.png\" alt=\"\" class=\"wp-image-1451\" srcset=\"https:\/\/elmercuriomanta.ec\/wp-content\/uploads\/2023\/06\/image-118-724x1024.png 724w, https:\/\/elmercuriomanta.ec\/wp-content\/uploads\/2023\/06\/image-118-212x300.png 212w, https:\/\/elmercuriomanta.ec\/wp-content\/uploads\/2023\/06\/image-118-768x1086.png 768w, https:\/\/elmercuriomanta.ec\/wp-content\/uploads\/2023\/06\/image-118.png 872w\" sizes=\"(max-width: 724px) 100vw, 724px\" \/><\/figure>\n\n\n\n<p><\/p>\n","protected":false},"excerpt":{"rendered":"<p>Biograf\u00eda Marcelo Xavier Hervas Mora\u00a0naci\u00f3 en Guayaquil el\u00a07 de octubre\u00a0de\u00a01972, es un\u00a0empresario\u00a0y\u00a0pol\u00edtico\u00a0ecuatoriano. Es\u00a0hijo de Marcelo Hervas Silva, quien fue representante de Ecuador en la\u00a0Organizaci\u00f3n de los Estados Americanos\u00a0durante el gobierno de\u00a0Lucio Guti\u00e9rrez. Hervas es presidente de la empresa NovaAlimentos S.A.\u200b y fue candidato a la\u00a0presidencia del Ecuador\u00a0por el partido\u00a0Izquierda Democr\u00e1tica\u00a0en las\u00a0elecciones presidenciales de Ecuador de [&hellip;]<\/p>\n","protected":false},"author":12,"featured_media":1446,"comment_status":"open","ping_status":"open","sticky":false,"template":"","format":"standard","meta":{"footnotes":""},"categories":[54],"tags":[],"class_list":["post-1445","post","type-post","status-publish","format-standard","has-post-thumbnail","hentry","category-politica"],"_links":{"self":[{"href":"https:\/\/elmercuriomanta.ec\/index.php\/wp-json\/wp\/v2\/posts\/1445","targetHints":{"allow":["GET"]}}],"collection":[{"href":"https:\/\/elmercuriomanta.ec\/index.php\/wp-json\/wp\/v2\/posts"}],"about":[{"href":"https:\/\/elmercuriomanta.ec\/index.php\/wp-json\/wp\/v2\/types\/post"}],"author":[{"embeddable":true,"href":"https:\/\/elmercuriomanta.ec\/index.php\/wp-json\/wp\/v2\/users\/12"}],"replies":[{"embeddable":true,"href":"https:\/\/elmercuriomanta.ec\/index.php\/wp-json\/wp\/v2\/comments?post=1445"}],"version-history":[{"count":0,"href":"https:\/\/elmercuriomanta.ec\/index.php\/wp-json\/wp\/v2\/posts\/1445\/revisions"}],"wp:featuredmedia":[{"embeddable":true,"href":"https:\/\/elmercuriomanta.ec\/index.php\/wp-json\/wp\/v2\/media\/1446"}],"wp:attachment":[{"href":"https:\/\/elmercuriomanta.ec\/index.php\/wp-json\/wp\/v2\/media?parent=1445"}],"wp:term":[{"taxonomy":"category","embeddable":true,"href":"https:\/\/elmercuriomanta.ec\/index.php\/wp-json\/wp\/v2\/categories?post=1445"},{"taxonomy":"post_tag","embeddable":true,"href":"https:\/\/elmercuriomanta.ec\/index.php\/wp-json\/wp\/v2\/tags?post=1445"}],"curies":[{"name":"wp","href":"https:\/\/api.w.org\/{rel}","templated":true}]}}