{"id":14254,"date":"2024-01-31T10:21:32","date_gmt":"2024-01-31T15:21:32","guid":{"rendered":"https:\/\/elmercuriomanta.ec\/?p=14254"},"modified":"2024-01-31T10:21:35","modified_gmt":"2024-01-31T15:21:35","slug":"los-ojos-son-mas-sensibles-a-la-radiacion-solar","status":"publish","type":"post","link":"https:\/\/elmercuriomanta.ec\/index.php\/2024\/01\/31\/los-ojos-son-mas-sensibles-a-la-radiacion-solar\/","title":{"rendered":"Los ojos son m\u00e1s sensibles a la radiaci\u00f3n solar"},"content":{"rendered":"\n<figure class=\"wp-block-image aligncenter size-full is-resized\"><img fetchpriority=\"high\" decoding=\"async\" width=\"712\" height=\"416\" src=\"https:\/\/elmercuriomanta.ec\/wp-content\/uploads\/2024\/01\/image-439.png\" alt=\"\" class=\"wp-image-14258\" style=\"width:347px;height:auto\" srcset=\"https:\/\/elmercuriomanta.ec\/wp-content\/uploads\/2024\/01\/image-439.png 712w, https:\/\/elmercuriomanta.ec\/wp-content\/uploads\/2024\/01\/image-439-300x175.png 300w\" sizes=\"(max-width: 712px) 100vw, 712px\" \/><\/figure>\n\n\n\n<p>Un estudio de la Asociaci\u00f3n de Oftalmol\u00f3gia del Ecuador se\u00f1ala que los ojos son 20 veces m\u00e1s sensibles a la radiaci\u00f3n solar en comparaci\u00f3n con la piel. Si el sol provoca quemaduras en el cuerpo, en los ojos altera el tejido ocular a largo plazo, esto sucede por los rayos ultravioleta de largo alcance (UVA) y los de corto alcance (UVB) que son muy altos principalmente en la Sierra Norte.<\/p>\n\n\n\n<p>La quemadura de c\u00f3rnea es el primer problema que aparece con s\u00edntomas como dolor del ojo, enrojecimiento, visi\u00f3n borrosa o lagrimeo. Ocurre despu\u00e9s de la exposici\u00f3n superior a dos horas al sol sin protecci\u00f3n. Este descuido ocular a largo plazo puede desarrollar cataratas y degeneraci\u00f3n en los ojos que afectan la visi\u00f3n de manera permanente. La Sierra es la regi\u00f3n con m\u00e1s problemas en ojos con el 43 % de casos y los pacientes se concentran en Pichincha, Tungurahua, Cotopaxi y Carchi debido a la altura y el ambiente seco.<\/p>\n","protected":false},"excerpt":{"rendered":"<p>Un estudio de la Asociaci\u00f3n de Oftalmol\u00f3gia del Ecuador se\u00f1ala que los ojos son 20 veces m\u00e1s sensibles a la radiaci\u00f3n solar en comparaci\u00f3n con la piel. Si el sol provoca quemaduras en el cuerpo, en los ojos altera el tejido ocular a largo plazo, esto sucede por los rayos ultravioleta de largo alcance (UVA) y los de corto alcance (UVB) que son muy altos principalmente en la Sierra Norte.<\/p>\n","protected":false},"author":1,"featured_media":14258,"comment_status":"open","ping_status":"open","sticky":false,"template":"","format":"standard","meta":{"footnotes":""},"categories":[21,83],"tags":[23],"class_list":["post-14254","post","type-post","status-publish","format-standard","has-post-thumbnail","hentry","category-noticia-del-dia","category-sucesos","tag-ecuador"],"_links":{"self":[{"href":"https:\/\/elmercuriomanta.ec\/index.php\/wp-json\/wp\/v2\/posts\/14254","targetHints":{"allow":["GET"]}}],"collection":[{"href":"https:\/\/elmercuriomanta.ec\/index.php\/wp-json\/wp\/v2\/posts"}],"about":[{"href":"https:\/\/elmercuriomanta.ec\/index.php\/wp-json\/wp\/v2\/types\/post"}],"author":[{"embeddable":true,"href":"https:\/\/elmercuriomanta.ec\/index.php\/wp-json\/wp\/v2\/users\/1"}],"replies":[{"embeddable":true,"href":"https:\/\/elmercuriomanta.ec\/index.php\/wp-json\/wp\/v2\/comments?post=14254"}],"version-history":[{"count":1,"href":"https:\/\/elmercuriomanta.ec\/index.php\/wp-json\/wp\/v2\/posts\/14254\/revisions"}],"predecessor-version":[{"id":14259,"href":"https:\/\/elmercuriomanta.ec\/index.php\/wp-json\/wp\/v2\/posts\/14254\/revisions\/14259"}],"wp:featuredmedia":[{"embeddable":true,"href":"https:\/\/elmercuriomanta.ec\/index.php\/wp-json\/wp\/v2\/media\/14258"}],"wp:attachment":[{"href":"https:\/\/elmercuriomanta.ec\/index.php\/wp-json\/wp\/v2\/media?parent=14254"}],"wp:term":[{"taxonomy":"category","embeddable":true,"href":"https:\/\/elmercuriomanta.ec\/index.php\/wp-json\/wp\/v2\/categories?post=14254"},{"taxonomy":"post_tag","embeddable":true,"href":"https:\/\/elmercuriomanta.ec\/index.php\/wp-json\/wp\/v2\/tags?post=14254"}],"curies":[{"name":"wp","href":"https:\/\/api.w.org\/{rel}","templated":true}]}}