{"id":13922,"date":"2024-01-26T10:31:11","date_gmt":"2024-01-26T15:31:11","guid":{"rendered":"https:\/\/elmercuriomanta.ec\/?p=13922"},"modified":"2024-01-26T10:31:13","modified_gmt":"2024-01-26T15:31:13","slug":"gobernador-sesiono-su-primera-comision-ejecutiva-provincial","status":"publish","type":"post","link":"https:\/\/elmercuriomanta.ec\/index.php\/2024\/01\/26\/gobernador-sesiono-su-primera-comision-ejecutiva-provincial\/","title":{"rendered":"Gobernador sesion\u00f3 su primera Comisi\u00f3n Ejecutiva Provincial"},"content":{"rendered":"\n<figure class=\"wp-block-image aligncenter size-full is-resized\"><img fetchpriority=\"high\" decoding=\"async\" width=\"275\" height=\"183\" src=\"https:\/\/elmercuriomanta.ec\/wp-content\/uploads\/2024\/01\/image-354.png\" alt=\"\" class=\"wp-image-13923\" style=\"width:344px;height:auto\"\/><\/figure>\n\n\n\n<p>El gobernador de Manab\u00ed, Gustavo Aguilar, lider\u00f3 la primera Comisi\u00f3n Ejecutiva Provincial, en donde los representantes de las instituciones p\u00fablicas de la provincia expusieron los planes, programas, y proyectos que se encuentran trabajando y desplegando al servicio de la ciudadan\u00eda. \u201cDebemos cumplir las pol\u00edticas p\u00fablicas del Gobierno Nacional, liderado por el presidente Daniel Noboa. Desde aqu\u00ed vamos a evaluar, atender y solventar los requerimientos y necesidades de los manabitas\u201d, asegur\u00f3 la primera autoridad de la provincia.<\/p>\n\n\n\n<p>Entre varios de los temas que trataron los directores del ejecutivo, informaron de los trabajos de prevenci\u00f3n que se realizan ante la presencia de lluvias; la cobertura de salud p\u00fablica; mejoras en atenci\u00f3n a personas vulnerables; el otorgamiento de cr\u00e9ditos por parte de la banca p\u00fablica; el seguimiento a las modalidades de asistencias a clases; la realidad del sector agr\u00edcola, productivo y ganadero en Manab\u00ed; la situaci\u00f3n de migrantes en la provincia; entre otros. Finalmente, el Gobernador dijo que estos encuentros se enmarcan en un solo objetivo, trabajar por el desarrollo de la provincia y el pa\u00eds. Esta comisi\u00f3n sesionar\u00e1 de manera mensual.<\/p>\n","protected":false},"excerpt":{"rendered":"<p>El gobernador de Manab\u00ed, Gustavo Aguilar, lider\u00f3 la primera Comisi\u00f3n Ejecutiva Provincial, en donde los representantes de las instituciones p\u00fablicas de la provincia expusieron los planes, programas, y proyectos que se encuentran trabajando y desplegando al servicio de la ciudadan\u00eda. \u201cDebemos cumplir las pol\u00edticas p\u00fablicas del Gobierno Nacional, liderado por el presidente Daniel Noboa. Desde aqu\u00ed vamos a evaluar, atender y solventar los requerimientos y necesidades de los manabitas\u201d, asegur\u00f3 la primera autoridad de la provincia.<\/p>\n","protected":false},"author":1,"featured_media":13923,"comment_status":"open","ping_status":"open","sticky":false,"template":"","format":"standard","meta":{"footnotes":""},"categories":[1],"tags":[29],"class_list":["post-13922","post","type-post","status-publish","format-standard","has-post-thumbnail","hentry","category-uncategorized","tag-manabi"],"_links":{"self":[{"href":"https:\/\/elmercuriomanta.ec\/index.php\/wp-json\/wp\/v2\/posts\/13922","targetHints":{"allow":["GET"]}}],"collection":[{"href":"https:\/\/elmercuriomanta.ec\/index.php\/wp-json\/wp\/v2\/posts"}],"about":[{"href":"https:\/\/elmercuriomanta.ec\/index.php\/wp-json\/wp\/v2\/types\/post"}],"author":[{"embeddable":true,"href":"https:\/\/elmercuriomanta.ec\/index.php\/wp-json\/wp\/v2\/users\/1"}],"replies":[{"embeddable":true,"href":"https:\/\/elmercuriomanta.ec\/index.php\/wp-json\/wp\/v2\/comments?post=13922"}],"version-history":[{"count":1,"href":"https:\/\/elmercuriomanta.ec\/index.php\/wp-json\/wp\/v2\/posts\/13922\/revisions"}],"predecessor-version":[{"id":13925,"href":"https:\/\/elmercuriomanta.ec\/index.php\/wp-json\/wp\/v2\/posts\/13922\/revisions\/13925"}],"wp:featuredmedia":[{"embeddable":true,"href":"https:\/\/elmercuriomanta.ec\/index.php\/wp-json\/wp\/v2\/media\/13923"}],"wp:attachment":[{"href":"https:\/\/elmercuriomanta.ec\/index.php\/wp-json\/wp\/v2\/media?parent=13922"}],"wp:term":[{"taxonomy":"category","embeddable":true,"href":"https:\/\/elmercuriomanta.ec\/index.php\/wp-json\/wp\/v2\/categories?post=13922"},{"taxonomy":"post_tag","embeddable":true,"href":"https:\/\/elmercuriomanta.ec\/index.php\/wp-json\/wp\/v2\/tags?post=13922"}],"curies":[{"name":"wp","href":"https:\/\/api.w.org\/{rel}","templated":true}]}}