{"id":13803,"date":"2024-01-24T10:25:05","date_gmt":"2024-01-24T15:25:05","guid":{"rendered":"https:\/\/elmercuriomanta.ec\/?p=13803"},"modified":"2024-01-24T10:25:07","modified_gmt":"2024-01-24T15:25:07","slug":"piden-destitucion-de-fiscal","status":"publish","type":"post","link":"https:\/\/elmercuriomanta.ec\/index.php\/2024\/01\/24\/piden-destitucion-de-fiscal\/","title":{"rendered":"Piden destituci\u00f3n de Fiscal"},"content":{"rendered":"\n<figure class=\"wp-block-image aligncenter size-full is-resized\"><img fetchpriority=\"high\" decoding=\"async\" width=\"580\" height=\"330\" src=\"https:\/\/elmercuriomanta.ec\/wp-content\/uploads\/2024\/01\/image-333.png\" alt=\"\" class=\"wp-image-13808\" style=\"width:301px;height:auto\" srcset=\"https:\/\/elmercuriomanta.ec\/wp-content\/uploads\/2024\/01\/image-333.png 580w, https:\/\/elmercuriomanta.ec\/wp-content\/uploads\/2024\/01\/image-333-300x171.png 300w\" sizes=\"(max-width: 580px) 100vw, 580px\" \/><\/figure>\n\n\n\n<p>El fiscal Juan Carlos Izquierdo fue llamado a juicio por el delito de violencia psicol\u00f3gica en contra de la modelo Naomi Arcentales. Ella falleci\u00f3 hace dos a\u00f1os y, despu\u00e9s de la muerte, sus parientes presentaron una denuncia en la Fiscal\u00eda en contra del fiscal Izquierdo porque supuestamente le dio una bofetada en la recepci\u00f3n del edificio Poseid\u00f3n en Manta cuando ambos eran pareja.&nbsp;<\/p>\n\n\n\n<p>El funcionario fue llamado a juicio ayer por decisi\u00f3n de una jueza de Manab\u00ed. El abogado Luiggi Garc\u00eda, representante legal de la familia de Arcentales, sostuvo que hoy present\u00f3 un pedido formal al Consejo de la Judicatura en Quito para que el fiscal sea destituido, removido y cesado de sus funciones. \u201c\u00c9l debe defenderse como ciudadano y no como funcionario de la Fiscal\u00eda General del Estado porque desde el cargo podr\u00eda influenciar en pericias y decisiones\u201d asever\u00f3 Garc\u00eda v\u00eda telef\u00f3nica.<\/p>\n","protected":false},"excerpt":{"rendered":"<p>El fiscal Juan Carlos Izquierdo fue llamado a juicio por el delito de violencia psicol\u00f3gica en contra de la modelo Naomi Arcentales. Ella falleci\u00f3 hace dos a\u00f1os y, despu\u00e9s de la muerte, sus parientes presentaron una denuncia en la Fiscal\u00eda en contra del fiscal Izquierdo porque supuestamente le dio una bofetada en la recepci\u00f3n del edificio Poseid\u00f3n en Manta cuando ambos eran pareja.\u00a0<\/p>\n","protected":false},"author":1,"featured_media":13808,"comment_status":"open","ping_status":"open","sticky":false,"template":"","format":"standard","meta":{"footnotes":""},"categories":[16],"tags":[38],"class_list":["post-13803","post","type-post","status-publish","format-standard","has-post-thumbnail","hentry","category-cronica","tag-manta"],"_links":{"self":[{"href":"https:\/\/elmercuriomanta.ec\/index.php\/wp-json\/wp\/v2\/posts\/13803","targetHints":{"allow":["GET"]}}],"collection":[{"href":"https:\/\/elmercuriomanta.ec\/index.php\/wp-json\/wp\/v2\/posts"}],"about":[{"href":"https:\/\/elmercuriomanta.ec\/index.php\/wp-json\/wp\/v2\/types\/post"}],"author":[{"embeddable":true,"href":"https:\/\/elmercuriomanta.ec\/index.php\/wp-json\/wp\/v2\/users\/1"}],"replies":[{"embeddable":true,"href":"https:\/\/elmercuriomanta.ec\/index.php\/wp-json\/wp\/v2\/comments?post=13803"}],"version-history":[{"count":1,"href":"https:\/\/elmercuriomanta.ec\/index.php\/wp-json\/wp\/v2\/posts\/13803\/revisions"}],"predecessor-version":[{"id":13812,"href":"https:\/\/elmercuriomanta.ec\/index.php\/wp-json\/wp\/v2\/posts\/13803\/revisions\/13812"}],"wp:featuredmedia":[{"embeddable":true,"href":"https:\/\/elmercuriomanta.ec\/index.php\/wp-json\/wp\/v2\/media\/13808"}],"wp:attachment":[{"href":"https:\/\/elmercuriomanta.ec\/index.php\/wp-json\/wp\/v2\/media?parent=13803"}],"wp:term":[{"taxonomy":"category","embeddable":true,"href":"https:\/\/elmercuriomanta.ec\/index.php\/wp-json\/wp\/v2\/categories?post=13803"},{"taxonomy":"post_tag","embeddable":true,"href":"https:\/\/elmercuriomanta.ec\/index.php\/wp-json\/wp\/v2\/tags?post=13803"}],"curies":[{"name":"wp","href":"https:\/\/api.w.org\/{rel}","templated":true}]}}