{"id":13772,"date":"2024-01-24T10:12:22","date_gmt":"2024-01-24T15:12:22","guid":{"rendered":"https:\/\/elmercuriomanta.ec\/?p=13772"},"modified":"2024-01-24T10:12:24","modified_gmt":"2024-01-24T15:12:24","slug":"un-incendio-forestal-se-reporta-en-el-cerro-ilalo","status":"publish","type":"post","link":"https:\/\/elmercuriomanta.ec\/index.php\/2024\/01\/24\/un-incendio-forestal-se-reporta-en-el-cerro-ilalo\/","title":{"rendered":"Un incendio forestal se reporta en el Cerro Ilal\u00f3"},"content":{"rendered":"\n<figure class=\"wp-block-image aligncenter size-full is-resized\"><img fetchpriority=\"high\" decoding=\"async\" width=\"301\" height=\"167\" src=\"https:\/\/elmercuriomanta.ec\/wp-content\/uploads\/2024\/01\/image-326.png\" alt=\"\" class=\"wp-image-13773\" style=\"width:435px;height:auto\"\/><\/figure>\n\n\n\n<p>Un incendio forestal se registra desde el mediod\u00eda de este martes 23 de enero de 2024 en el cerro Ilal\u00f3, ubicado al oriente del Distrito Metropolitano de Quito. Los efectivos del Cuerpo de Bomberos (CBQ) fue desplegado para labores de control y extinci\u00f3n del fuego. Con el helic\u00f3ptero Argus se realiza un sobrevuelo para evaluar la emergencia. El comandante de esa entidad, Esteban C\u00e1rdenas, inform\u00f3 que se desplegaron 15 efectivos divididos en dos flancos. Al momento, realizan tareas de control manual con herramienta forestal.<\/p>\n","protected":false},"excerpt":{"rendered":"<p>Un incendio forestal se registra desde el mediod\u00eda de este martes 23 de enero de 2024 en el cerro Ilal\u00f3, ubicado al oriente del Distrito Metropolitano de Quito. Los efectivos del Cuerpo de Bomberos (CBQ) fue desplegado para labores de control y extinci\u00f3n del fuego. Con el helic\u00f3ptero Argus se realiza un sobrevuelo para evaluar la emergencia. El comandante de esa entidad, Esteban C\u00e1rdenas, inform\u00f3 que se desplegaron 15 efectivos divididos en dos flancos. Al momento, realizan tareas de control manual con herramienta forestal.<\/p>\n","protected":false},"author":1,"featured_media":13773,"comment_status":"open","ping_status":"open","sticky":false,"template":"","format":"standard","meta":{"footnotes":""},"categories":[1],"tags":[23],"class_list":["post-13772","post","type-post","status-publish","format-standard","has-post-thumbnail","hentry","category-uncategorized","tag-ecuador"],"_links":{"self":[{"href":"https:\/\/elmercuriomanta.ec\/index.php\/wp-json\/wp\/v2\/posts\/13772","targetHints":{"allow":["GET"]}}],"collection":[{"href":"https:\/\/elmercuriomanta.ec\/index.php\/wp-json\/wp\/v2\/posts"}],"about":[{"href":"https:\/\/elmercuriomanta.ec\/index.php\/wp-json\/wp\/v2\/types\/post"}],"author":[{"embeddable":true,"href":"https:\/\/elmercuriomanta.ec\/index.php\/wp-json\/wp\/v2\/users\/1"}],"replies":[{"embeddable":true,"href":"https:\/\/elmercuriomanta.ec\/index.php\/wp-json\/wp\/v2\/comments?post=13772"}],"version-history":[{"count":1,"href":"https:\/\/elmercuriomanta.ec\/index.php\/wp-json\/wp\/v2\/posts\/13772\/revisions"}],"predecessor-version":[{"id":13774,"href":"https:\/\/elmercuriomanta.ec\/index.php\/wp-json\/wp\/v2\/posts\/13772\/revisions\/13774"}],"wp:featuredmedia":[{"embeddable":true,"href":"https:\/\/elmercuriomanta.ec\/index.php\/wp-json\/wp\/v2\/media\/13773"}],"wp:attachment":[{"href":"https:\/\/elmercuriomanta.ec\/index.php\/wp-json\/wp\/v2\/media?parent=13772"}],"wp:term":[{"taxonomy":"category","embeddable":true,"href":"https:\/\/elmercuriomanta.ec\/index.php\/wp-json\/wp\/v2\/categories?post=13772"},{"taxonomy":"post_tag","embeddable":true,"href":"https:\/\/elmercuriomanta.ec\/index.php\/wp-json\/wp\/v2\/tags?post=13772"}],"curies":[{"name":"wp","href":"https:\/\/api.w.org\/{rel}","templated":true}]}}