{"id":13745,"date":"2024-01-23T16:34:51","date_gmt":"2024-01-23T21:34:51","guid":{"rendered":"https:\/\/elmercuriomanta.ec\/?p=13745"},"modified":"2024-01-23T16:34:53","modified_gmt":"2024-01-23T21:34:53","slug":"el-museo-nuclear-corporacion-ciudad-alfaro-conmemora-112-anos-de-la-hoguera-barbara-con-evento-civico-y-cultural","status":"publish","type":"post","link":"https:\/\/elmercuriomanta.ec\/index.php\/2024\/01\/23\/el-museo-nuclear-corporacion-ciudad-alfaro-conmemora-112-anos-de-la-hoguera-barbara-con-evento-civico-y-cultural\/","title":{"rendered":"El Museo Nuclear Corporaci\u00f3n Ciudad Alfaro conmemora 112 a\u00f1os de la Hoguera B\u00e1rbara con evento c\u00edvico y cultural"},"content":{"rendered":"\n<div class=\"wp-block-columns is-layout-flex wp-container-core-columns-is-layout-28f84493 wp-block-columns-is-layout-flex\">\n<div class=\"wp-block-column is-layout-flow wp-block-column-is-layout-flow\">\n<figure class=\"wp-block-image size-large\"><img fetchpriority=\"high\" decoding=\"async\" width=\"1024\" height=\"655\" src=\"https:\/\/elmercuriomanta.ec\/wp-content\/uploads\/2024\/01\/WhatsApp-Image-2024-01-23-at-10.05.55-1024x655.jpeg\" alt=\"\" class=\"wp-image-13746\" srcset=\"https:\/\/elmercuriomanta.ec\/wp-content\/uploads\/2024\/01\/WhatsApp-Image-2024-01-23-at-10.05.55-1024x655.jpeg 1024w, https:\/\/elmercuriomanta.ec\/wp-content\/uploads\/2024\/01\/WhatsApp-Image-2024-01-23-at-10.05.55-300x192.jpeg 300w, https:\/\/elmercuriomanta.ec\/wp-content\/uploads\/2024\/01\/WhatsApp-Image-2024-01-23-at-10.05.55-768x492.jpeg 768w, https:\/\/elmercuriomanta.ec\/wp-content\/uploads\/2024\/01\/WhatsApp-Image-2024-01-23-at-10.05.55.jpeg 1406w\" sizes=\"(max-width: 1024px) 100vw, 1024px\" \/><\/figure>\n<\/div>\n\n\n\n<div class=\"wp-block-column is-layout-flow wp-block-column-is-layout-flow\">\n<figure class=\"wp-block-image size-full is-resized\"><img decoding=\"async\" width=\"620\" height=\"900\" src=\"https:\/\/elmercuriomanta.ec\/wp-content\/uploads\/2024\/01\/WhatsApp-Image-2024-01-23-at-10.05.55-1.jpeg\" alt=\"\" class=\"wp-image-13747\" style=\"width:180px;height:auto\" srcset=\"https:\/\/elmercuriomanta.ec\/wp-content\/uploads\/2024\/01\/WhatsApp-Image-2024-01-23-at-10.05.55-1.jpeg 620w, https:\/\/elmercuriomanta.ec\/wp-content\/uploads\/2024\/01\/WhatsApp-Image-2024-01-23-at-10.05.55-1-207x300.jpeg 207w\" sizes=\"(max-width: 620px) 100vw, 620px\" \/><\/figure>\n<\/div>\n<\/div>\n\n\n\n<p>El Museo Nuclear Corporaci\u00f3n Ciudad Alfaro del Ministerio de Cultura y Patrimonio, conmemora 112 a\u00f1os de la Hoguera B\u00e1rbara mediante un evento c\u00edvico y cultural el domingo 28 de enero de 2024, a las 10:00, en el hall de este espacio cultural, ubicado en el cant\u00f3n Montecristi.<\/p>\n\n\n\n<p>Jos\u00e9 Eloy Alfaro Delgado naci\u00f3 en Montecristi, el 25 de junio de 1842, fue presidente de la Rep\u00fablica de Ecuador en dos ocasiones en periodos que comprenden entre 1895 a 1901 y 1906 a 1911, quien se constituye en un referente hist\u00f3rico para el pueblo ecuatoriano y el precursor de hechos que marcaron un Estado constitucional de derechos y justicia social, democr\u00e1tico, soberano, independiente, unitario, intercultural, plurinacional y laico.<\/p>\n\n\n\n<p>Eloy Alfaro Delgado, ex presidente de la Rep\u00fablica del Ecuador y l\u00edder de la Revoluci\u00f3n Liberal Radical, fue asesinado y arrastrado junto a militares y hombres de confianza por las calles de Quito hasta el parque El Ejido donde finalmente los incineraron el 28 de enero de 1912.<\/p>\n\n\n\n<p>Evento cultural<\/p>\n\n\n\n<p>El evento cultural contar\u00e1 con la presentaci\u00f3n del concierto Sonidos de Manab\u00ed, grupo compuesto por 28 m\u00fasicos de Orquesta Sinf\u00f3nica y 24 cantantes del Coro L\u00edrico y Solistas dirigidos por el maestro \u00c1ngel Muentes. Esta obra identifica al manabita y particularmente a los ciudadanos de Montecristi, Manta, Portoviejo y Jaramij\u00f3 que comparten historias paralelas desde la \u00e9poca prehisp\u00e1nica.<\/p>\n\n\n\n<p>En este contexto y conforme a lo establecido en el Acuerdo Ministerial 061 del 10 de febrero de 2014, donde se indica \u201cDeclarar los d\u00edas 28 de enero y 5 de junio de cada a\u00f1o, como fechas hist\u00f3ricas para recordar y rendir un justo homenaje al General Eloy Alfaro Delgado\u201d, se invita a la ciudadan\u00eda a este acto de especial importancia y remembranza hist\u00f3rica.<\/p>\n","protected":false},"excerpt":{"rendered":"<p>El Museo Nuclear Corporaci\u00f3n Ciudad Alfaro del Ministerio de Cultura y Patrimonio, conmemora 112 a\u00f1os de la Hoguera B\u00e1rbara mediante un evento c\u00edvico y cultural el domingo 28 de enero de 2024, a las 10:00, en el hall de este espacio cultural, ubicado en el cant\u00f3n Montecristi.<\/p>\n","protected":false},"author":1,"featured_media":13747,"comment_status":"open","ping_status":"open","sticky":false,"template":"","format":"standard","meta":{"footnotes":""},"categories":[83],"tags":[23],"class_list":["post-13745","post","type-post","status-publish","format-standard","has-post-thumbnail","hentry","category-sucesos","tag-ecuador"],"_links":{"self":[{"href":"https:\/\/elmercuriomanta.ec\/index.php\/wp-json\/wp\/v2\/posts\/13745","targetHints":{"allow":["GET"]}}],"collection":[{"href":"https:\/\/elmercuriomanta.ec\/index.php\/wp-json\/wp\/v2\/posts"}],"about":[{"href":"https:\/\/elmercuriomanta.ec\/index.php\/wp-json\/wp\/v2\/types\/post"}],"author":[{"embeddable":true,"href":"https:\/\/elmercuriomanta.ec\/index.php\/wp-json\/wp\/v2\/users\/1"}],"replies":[{"embeddable":true,"href":"https:\/\/elmercuriomanta.ec\/index.php\/wp-json\/wp\/v2\/comments?post=13745"}],"version-history":[{"count":1,"href":"https:\/\/elmercuriomanta.ec\/index.php\/wp-json\/wp\/v2\/posts\/13745\/revisions"}],"predecessor-version":[{"id":13748,"href":"https:\/\/elmercuriomanta.ec\/index.php\/wp-json\/wp\/v2\/posts\/13745\/revisions\/13748"}],"wp:featuredmedia":[{"embeddable":true,"href":"https:\/\/elmercuriomanta.ec\/index.php\/wp-json\/wp\/v2\/media\/13747"}],"wp:attachment":[{"href":"https:\/\/elmercuriomanta.ec\/index.php\/wp-json\/wp\/v2\/media?parent=13745"}],"wp:term":[{"taxonomy":"category","embeddable":true,"href":"https:\/\/elmercuriomanta.ec\/index.php\/wp-json\/wp\/v2\/categories?post=13745"},{"taxonomy":"post_tag","embeddable":true,"href":"https:\/\/elmercuriomanta.ec\/index.php\/wp-json\/wp\/v2\/tags?post=13745"}],"curies":[{"name":"wp","href":"https:\/\/api.w.org\/{rel}","templated":true}]}}